{"id":1733,"date":"2020-03-10T12:15:37","date_gmt":"2020-03-10T15:15:37","guid":{"rendered":"http:\/\/fmtinkunaco.com.ar\/?p=1733"},"modified":"2020-03-10T12:15:37","modified_gmt":"2020-03-10T15:15:37","slug":"8m-movilizacion-en-el-territorio","status":"publish","type":"post","link":"https:\/\/fmtinkunaco.ar\/?p=1733","title":{"rendered":"#8M: Movilizaci\u00f3n en el territorio"},"content":{"rendered":"<p>El pasado domingo, 8 de marzo, en el D\u00eda Internacional de la Mujer Trabajadora se llev\u00f3 adelante una nueva convocatoria por parte de la Asamblea Feminista Conurbana Noroeste con el fin de visibilizar en el territorio las diferentes violencias machistas.<\/p>\n<p>La concentraci\u00f3n se concret\u00f3 en la Plaza de San Miguel, y esper\u00f3 a la columna proveniente de Jos\u00e9. C. Paz que mediante un trenazo lleg\u00f3 distrito sanmiguelino para luego marchar a Mu\u00f1iz.<\/p>\n<p>A pesar de la lluvia, las cientas de feminidades se hicieron o\u00edr y ganaron las calles.<\/p>\n<p>La jornada cont\u00f3, adem\u00e1s, con radio abierta, siluetazo, f\u00fatbol feminista disidente, taller de grabado, muestra de fotos, murga, pa\u00f1uelazo y lectura del documento.<\/p>\n<p>Esta nueva movilizaci\u00f3n no dej\u00f3 de mencionar los 68 nombres de las victimas de femicidio que s\u00f3lo se han conocido en lo que va de este 2020. Una compa\u00f1era es asesinada cada 23 horas.<\/p>\n<p>Adem\u00e1s, en el documento, la asamblea se propuso visibilizar los problemas y las carencias de los municipios del territorio. Es por esto que algunas de las exigencias fueron:<\/p>\n<p>\u25cf Justicia por B\u00e1rbara Balbuena de Jos\u00e9 C. Paz. C\u00e1rcel a Christian S\u00e1nchez<br \/>\n\u25cf Justicia por Roxana Diogo, violentada por Claudio Damico, ex funcionario de la gesti\u00f3n<br \/>\nde Cariglino en Malvinas Argentinas.<br \/>\n\u25cf Justicia por Valentina. Exigimos su reincorporaci\u00f3n al cuartel de bomberos de Malvinas<br \/>\nArgentinas. Gustavo Andino Rodr\u00edguez y Juan Sacar\u00edas Castillo abusadores.<br \/>\n\u25cf Justicia por Florencia Ovejero, v\u00edctima de femicidio en Malvinas Argentinas.<br \/>\n\u25cf Absoluci\u00f3n para Higui y para Luz.<br \/>\n\u25cf Absoluci\u00f3n para Paola y Milagros.<br \/>\n\u25cf Implementaci\u00f3n del Protocolo de Interrupci\u00f3n Legal del Embarazo en San Miguel, Jos\u00e9<br \/>\nC. Paz y Malvinas Argentinas. Cierre de la Consejer\u00eda antiderechos \u201cGuadalupe\u201d en San<br \/>\nMiguel.<br \/>\n\u25cf Que se equiparen las condiciones del f\u00fatbol femenino al del masculino. Que los clubes<br \/>\nse hagan cargo de vi\u00e1ticos, indumentaria, materiales de entrenamiento, difusi\u00f3n de<br \/>\nactividades y salarios de las jugadoras.<br \/>\n\u25cf El proyecto est\u00e1 en las calles. \u00a1Que se escuchen nuestras voces! Exigimos el debate y<br \/>\naprobaci\u00f3n del Proyecto de Interrupci\u00f3n Voluntaria del Embarazo de la Campa\u00f1a.<\/p>\n<p>En di\u00e1logo con la FM Tinkunaco, diferentes feminidades dieron su testimonio:<\/p>\n<p>Roc\u00edo, autoconvocada, <em>\u201cHoy march\u00f3 y par\u00f3 para que todas podamos vivir tranquilas, felices, libres y para visibilizar que entre todas nos tenemos y que no estamos solas\u201d<\/em>.<\/p>\n<p>Clara, autoconvocada, <em>\u201cMe parece muy importante marchar hoy, m\u00e1s que nada en San Miguel, porque dejen de matarnos, porque ya es hora de que la igualdad de g\u00e9nero sea real y por un aborto legal, seguro y gratuito\u201d.<\/em><\/p>\n<p>Micaela, autoconvocada, <em>\u00a0\u201cVine hoy principalmente por todas, por todes, porque me parece injusto que nos sigan matando, porque me parece injusto que no tengamos los derechos que tenemos que tener hace a\u00f1os, y considero que principalmente se consiguen con la lucha en las calles\u201d<\/em>.<\/p>\n<p>Anabel, autoconvocada, <em>\u201cVengo por todo, vengo por m\u00ed, por mi mam\u00e1, por mi hermana, por mis amigas que sufrimos un mont\u00f3n de violencias, que nos matan todos los d\u00edas. Yo estoy ac\u00e1 y lo puedo contar\u201d<\/em>.<\/p>\n<p>Cientos de mujeres participaron de este #8M en la regi\u00f3n y se hicieron o\u00edr a pesar de la lluvia. Adem\u00e1s, desde la asamblea convocaron a parar y adherir al paro y movilizaci\u00f3n del 9 de marzo a Capital.<\/p>\n<p>Compartimos los testimonios completos<\/p>\n<p><a href=\"https:\/\/archive.org\/details\/audiotestimonios8m\">Descargar<\/a><\/p>\n<audio class=\"wp-audio-shortcode\" id=\"audio-1733-2\" preload=\"none\" style=\"width: 100%;\" controls=\"controls\"><source type=\"audio\/mpeg\" src=\"https:\/\/archive.org\/download\/audiotestimonios8m\/AUDIO%20-%20TESTIMONIOS%208M.mp3?_=2\" \/><a href=\"https:\/\/archive.org\/download\/audiotestimonios8m\/AUDIO%20-%20TESTIMONIOS%208M.mp3\">https:\/\/archive.org\/download\/audiotestimonios8m\/AUDIO%20-%20TESTIMONIOS%208M.mp3<\/a><\/audio>\n<div class=\"powerpress_player\" id=\"powerpress_player_5674\"><audio class=\"wp-audio-shortcode\" id=\"audio-1733-1\" preload=\"none\" style=\"width: 100%;\" controls=\"controls\"><source type=\"audio\/mpeg\" src=\"https:\/\/archive.org\/download\/audiotestimonios8m\/AUDIO%20-%20TESTIMONIOS%208M.mp3?_=1\" \/><a href=\"https:\/\/archive.org\/download\/audiotestimonios8m\/AUDIO%20-%20TESTIMONIOS%208M.mp3\">https:\/\/archive.org\/download\/audiotestimonios8m\/AUDIO%20-%20TESTIMONIOS%208M.mp3<\/a><\/audio><\/div><p class=\"powerpress_links powerpress_links_mp3\" style=\"margin-bottom: 1px !important;\">Podcast: <a href=\"https:\/\/archive.org\/download\/audiotestimonios8m\/AUDIO%20-%20TESTIMONIOS%208M.mp3\" class=\"powerpress_link_pinw\" target=\"_blank\" title=\"Reproducir en una nueva ventana\" onclick=\"return powerpress_pinw('https:\/\/fmtinkunaco.ar\/?powerpress_pinw=1733-podcast');\" rel=\"nofollow\">Reproducir en una nueva ventana<\/a> | <a href=\"https:\/\/archive.org\/download\/audiotestimonios8m\/AUDIO%20-%20TESTIMONIOS%208M.mp3\" class=\"powerpress_link_d\" title=\"Descargar\" rel=\"nofollow\" download=\"AUDIO%20-%20TESTIMONIOS%208M.mp3\">Descargar<\/a><\/p>","protected":false},"excerpt":{"rendered":"<p>El pasado domingo, 8 de marzo, en el D\u00eda Internacional de la Mujer Trabajadora se llev\u00f3 adelante una nueva convocatoria por parte de la Asamblea Feminista Conurbana Noroeste con el fin de visibilizar en el territorio las diferentes violencias machistas. La concentraci\u00f3n se concret\u00f3 en la Plaza de San Miguel, y esper\u00f3 a la columna [&hellip;]<\/p>\n","protected":false},"author":1,"featured_media":1734,"comment_status":"open","ping_status":"open","sticky":false,"template":"","format":"standard","meta":{"footnotes":""},"categories":[4,6],"tags":[],"class_list":["post-1733","post","type-post","status-publish","format-standard","has-post-thumbnail","hentry","category-derechos-humanos","category-genero"],"_links":{"self":[{"href":"https:\/\/fmtinkunaco.ar\/index.php?rest_route=\/wp\/v2\/posts\/1733","targetHints":{"allow":["GET"]}}],"collection":[{"href":"https:\/\/fmtinkunaco.ar\/index.php?rest_route=\/wp\/v2\/posts"}],"about":[{"href":"https:\/\/fmtinkunaco.ar\/index.php?rest_route=\/wp\/v2\/types\/post"}],"author":[{"embeddable":true,"href":"https:\/\/fmtinkunaco.ar\/index.php?rest_route=\/wp\/v2\/users\/1"}],"replies":[{"embeddable":true,"href":"https:\/\/fmtinkunaco.ar\/index.php?rest_route=%2Fwp%2Fv2%2Fcomments&post=1733"}],"version-history":[{"count":0,"href":"https:\/\/fmtinkunaco.ar\/index.php?rest_route=\/wp\/v2\/posts\/1733\/revisions"}],"wp:featuredmedia":[{"embeddable":true,"href":"https:\/\/fmtinkunaco.ar\/index.php?rest_route=\/"}],"wp:attachment":[{"href":"https:\/\/fmtinkunaco.ar\/index.php?rest_route=%2Fwp%2Fv2%2Fmedia&parent=1733"}],"wp:term":[{"taxonomy":"category","embeddable":true,"href":"https:\/\/fmtinkunaco.ar\/index.php?rest_route=%2Fwp%2Fv2%2Fcategories&post=1733"},{"taxonomy":"post_tag","embeddable":true,"href":"https:\/\/fmtinkunaco.ar\/index.php?rest_route=%2Fwp%2Fv2%2Ftags&post=1733"}],"curies":[{"name":"wp","href":"https:\/\/api.w.org\/{rel}","templated":true}]}}