{"id":1737,"date":"2020-03-10T15:11:42","date_gmt":"2020-03-10T18:11:42","guid":{"rendered":"http:\/\/fmtinkunaco.com.ar\/?p=1737"},"modified":"2020-03-10T15:11:42","modified_gmt":"2020-03-10T18:11:42","slug":"la-primera-presentacion-de-la-orquesta-de-jose-c-paz-sera-por-la-vuelta-al-aire-de-la-fm-tinkunaco","status":"publish","type":"post","link":"https:\/\/fmtinkunaco.ar\/?p=1737","title":{"rendered":"La primera presentaci\u00f3n de la Orquesta de Jos\u00e9 C. paz ser\u00e1 por la vuelta al aire de la FM Tinkunaco"},"content":{"rendered":"<p>La Orquesta Sinf\u00f3nica Municipal de Jos\u00e9 C. Paz arranca el a\u00f1o con un concierto solidario por la vuelta al aire de la FM Tinkunaco.<\/p>\n<p>La radio comunitaria FM Tinkunaco sufri\u00f3 la rotura de varios equipos de transmisi\u00f3n en la tormenta del 7 de febrero. La radio actualmente se encuentra transmitiendo por internet y realizando distintas actividades para recuperar sus equipos y volver al aire por antena.<\/p>\n<p>El pr\u00f3ximo s\u00e1bado 14 de marzo a las 19hs la Orquesta Municipal abrir\u00e1 el a\u00f1o 2020 con una fecha compartida junto a la Orquesta de C\u00e1mara de Bella Vista en el Teatro Municipal de Jos\u00e9. C. Paz (Ex Cine Paz) &#8211; Roque S\u00e1ens Pe\u00f1a y Lavalle.<\/p>\n<p>En di\u00e1logo con el programa radial \u201cEncuentro con la Noticias\u201d, Clara Parodi, Directora de la Orquesta, se refiri\u00f3 a la presentaci\u00f3n <em>\u201cVa a ser un festival para dar una mano y sumarnos ser arte y parte de que la Tinku pueda salir al aire y que todas las voces sigan escuch\u00e1ndose. As\u00ed que va a ser un concierto donde vamos a estar participando la Orquesta Sinf\u00f3nica Municipal pero se van a sumar tambi\u00e9n la Orquesta de C\u00e1mara de Bella Vista y despu\u00e9s vamos a estar tocando las dos orquestas en conjunto. As\u00ed que va a ser una propuesta sinf\u00f3nica distinta donde estaremos siendo casi 60 personas tocando\u201d<\/em>.<\/p>\n<p>Parodi, adem\u00e1s, se refiri\u00f3 a todo lo que tendr\u00e1 el festival <em>\u201cVa a haber rifas, va a haber feria del plato, estamos viendo de tambi\u00e9n una feria americana para recaudar. La entrada es siempre libre y gratuita para que todos puedan acercarse y despu\u00e9s cada uno pueda colaborar y ayudar dentro de lo que uno puede, que es siempre lo m\u00e1s valioso\u201d<\/em>.<\/p>\n<p>Las piezas que se interpretar\u00e1n ser\u00e1n latinoamericanas con algunas sorpresas que rondar\u00e1n por la cumbia y el danz\u00f3n.<\/p>\n<p>La Orquesta que se encuentra cumpliendo nueve a\u00f1os, se presentar\u00e1 este s\u00e1bado en Roque S\u00e1ens Pe\u00f1a y Lavalle, Jos\u00e9. C. Paz a partir de las 19 hs.<\/p>\n<p>Compartimos la entrevista completa<\/p>\n<p><a href=\"https:\/\/archive.org\/details\/audioclaraparodi10032020\">Descargar<\/a><\/p>\n<p>&nbsp;<\/p>\n<audio class=\"wp-audio-shortcode\" id=\"audio-1737-2\" preload=\"none\" style=\"width: 100%;\" controls=\"controls\"><source type=\"audio\/mpeg\" src=\"https:\/\/archive.org\/download\/audioclaraparodi10032020\/AUDIO%20-%20CLARA%20PARODI%2010%2003%202020.mp3?_=2\" \/><a href=\"https:\/\/archive.org\/download\/audioclaraparodi10032020\/AUDIO%20-%20CLARA%20PARODI%2010%2003%202020.mp3\">https:\/\/archive.org\/download\/audioclaraparodi10032020\/AUDIO%20-%20CLARA%20PARODI%2010%2003%202020.mp3<\/a><\/audio>\n<div class=\"powerpress_player\" id=\"powerpress_player_5382\"><audio class=\"wp-audio-shortcode\" id=\"audio-1737-1\" preload=\"none\" style=\"width: 100%;\" controls=\"controls\"><source type=\"audio\/mpeg\" src=\"https:\/\/archive.org\/download\/audioclaraparodi10032020\/AUDIO%20-%20CLARA%20PARODI%2010%2003%202020.mp3?_=1\" \/><a href=\"https:\/\/archive.org\/download\/audioclaraparodi10032020\/AUDIO%20-%20CLARA%20PARODI%2010%2003%202020.mp3\">https:\/\/archive.org\/download\/audioclaraparodi10032020\/AUDIO%20-%20CLARA%20PARODI%2010%2003%202020.mp3<\/a><\/audio><\/div><p class=\"powerpress_links powerpress_links_mp3\" style=\"margin-bottom: 1px !important;\">Podcast: <a href=\"https:\/\/archive.org\/download\/audioclaraparodi10032020\/AUDIO%20-%20CLARA%20PARODI%2010%2003%202020.mp3\" class=\"powerpress_link_pinw\" target=\"_blank\" title=\"Reproducir en una nueva ventana\" onclick=\"return powerpress_pinw('https:\/\/fmtinkunaco.ar\/?powerpress_pinw=1737-podcast');\" rel=\"nofollow\">Reproducir en una nueva ventana<\/a> | <a href=\"https:\/\/archive.org\/download\/audioclaraparodi10032020\/AUDIO%20-%20CLARA%20PARODI%2010%2003%202020.mp3\" class=\"powerpress_link_d\" title=\"Descargar\" rel=\"nofollow\" download=\"AUDIO%20-%20CLARA%20PARODI%2010%2003%202020.mp3\">Descargar<\/a><\/p>","protected":false},"excerpt":{"rendered":"<p>La Orquesta Sinf\u00f3nica Municipal de Jos\u00e9 C. Paz arranca el a\u00f1o con un concierto solidario por la vuelta al aire de la FM Tinkunaco. La radio comunitaria FM Tinkunaco sufri\u00f3 la rotura de varios equipos de transmisi\u00f3n en la tormenta del 7 de febrero. La radio actualmente se encuentra transmitiendo por internet y realizando distintas [&hellip;]<\/p>\n","protected":false},"author":1,"featured_media":1738,"comment_status":"open","ping_status":"open","sticky":false,"template":"","format":"standard","meta":{"footnotes":""},"categories":[3],"tags":[],"class_list":["post-1737","post","type-post","status-publish","format-standard","has-post-thumbnail","hentry","category-cultura"],"_links":{"self":[{"href":"https:\/\/fmtinkunaco.ar\/index.php?rest_route=\/wp\/v2\/posts\/1737","targetHints":{"allow":["GET"]}}],"collection":[{"href":"https:\/\/fmtinkunaco.ar\/index.php?rest_route=\/wp\/v2\/posts"}],"about":[{"href":"https:\/\/fmtinkunaco.ar\/index.php?rest_route=\/wp\/v2\/types\/post"}],"author":[{"embeddable":true,"href":"https:\/\/fmtinkunaco.ar\/index.php?rest_route=\/wp\/v2\/users\/1"}],"replies":[{"embeddable":true,"href":"https:\/\/fmtinkunaco.ar\/index.php?rest_route=%2Fwp%2Fv2%2Fcomments&post=1737"}],"version-history":[{"count":0,"href":"https:\/\/fmtinkunaco.ar\/index.php?rest_route=\/wp\/v2\/posts\/1737\/revisions"}],"wp:featuredmedia":[{"embeddable":true,"href":"https:\/\/fmtinkunaco.ar\/index.php?rest_route=\/"}],"wp:attachment":[{"href":"https:\/\/fmtinkunaco.ar\/index.php?rest_route=%2Fwp%2Fv2%2Fmedia&parent=1737"}],"wp:term":[{"taxonomy":"category","embeddable":true,"href":"https:\/\/fmtinkunaco.ar\/index.php?rest_route=%2Fwp%2Fv2%2Fcategories&post=1737"},{"taxonomy":"post_tag","embeddable":true,"href":"https:\/\/fmtinkunaco.ar\/index.php?rest_route=%2Fwp%2Fv2%2Ftags&post=1737"}],"curies":[{"name":"wp","href":"https:\/\/api.w.org\/{rel}","templated":true}]}}