{"id":1740,"date":"2020-03-10T16:31:19","date_gmt":"2020-03-10T19:31:19","guid":{"rendered":"http:\/\/fmtinkunaco.com.ar\/?p=1740"},"modified":"2020-03-10T16:31:19","modified_gmt":"2020-03-10T19:31:19","slug":"tarde-de-merienda-por-la-vuelta-al-aire-de-la-fm-tinkunaco","status":"publish","type":"post","link":"https:\/\/fmtinkunaco.ar\/?p=1740","title":{"rendered":"Tarde de Merienda por la vuelta al aire de la FM Tinkunaco"},"content":{"rendered":"<p>La Herrer\u00eda Teatro junto a Arandu. Comunidades y Resistencia Audiovisual y Recreo recreaci\u00f3n autogestiva te invitan a una tarde de merienda por la vuelta al aire de la FM Tinkunaco.<\/p>\n<p>La invitaci\u00f3n es el pr\u00f3ximo domingo 15 de marzo, a partir de las 17 hs en la Herreria Teatro \u2013 Sarmiento y Arg\u00fcero, San Miguel.<\/p>\n<p>Recordamos que la Tinkunaco se encuentra buscando soluciones colectivas, luego de quedar fuera del aire a ra\u00edz de un rayo que cay\u00f3 en la antena el 7 de febrero.<\/p>\n<p>En di\u00e1logo con el programa radial \u201cEncuentro con las Noticias\u201d, Laura Godoy, referente del Colectivo Arandu, se refiri\u00f3 a la propuesta,<em> \u201cVamos a tener una horita de proyecciones, de materiales audiovisuales de Arandu, con algunas producciones propias de los talleres de Cine Comunitario que estuvieron funcionando ac\u00e1 en nuestro territorio. Y despu\u00e9s vamos a tener un stand l\u00fadico de parte de Recreo, y despu\u00e9s vamos a tener una propuesta que nos trae les compas de la Herrer\u00eda, que van a hacer narraciones, ah\u00ed todav\u00eda est\u00e1 por verse en qu\u00e9 van a consistir los relatos que nos van a traer les compas\u201d.<\/em><\/p>\n<p>Adem\u00e1s, Laura Godoy, explic\u00f3 que la jornada tambi\u00e9n contar\u00e1 con un buffet solidario, <em>\u201cPara amenizar todo esto, sobretodo porque es domingo y vamos a tener ganas de tomar mates con algo rico se propone tambi\u00e9n desde le Herrer\u00eda un buffet \u00a0solidario, y con esto de solidario me refiero a que toda persona que se quiera acercar ese d\u00eda y llevar algo para compartir ah\u00ed en el buffet y que va a ser vendido a beneficio de la vuelta al aire de la Tinku, tambi\u00e9n puede hacerlo\u201d<\/em>.<\/p>\n<p>La invitaci\u00f3n es el domingo 15 de marzo, a partir de las 17 hs en Sarmiento y Arg\u00fcero \u2013 San Miguel y la actividad es a la gorra.<\/p>\n<p>Compartimos entrevista completa<\/p>\n<p><a href=\"https:\/\/archive.org\/details\/audiolauragodoy10032020\">Descargar<\/a><\/p>\n<p>&nbsp;<\/p>\n<audio class=\"wp-audio-shortcode\" id=\"audio-1740-2\" preload=\"none\" style=\"width: 100%;\" controls=\"controls\"><source type=\"audio\/mpeg\" src=\"https:\/\/archive.org\/download\/audiolauragodoy10032020\/AUDIO%20-%20LAURA%20GODOY%2010%2003%202020.mp3?_=2\" \/><a href=\"https:\/\/archive.org\/download\/audiolauragodoy10032020\/AUDIO%20-%20LAURA%20GODOY%2010%2003%202020.mp3\">https:\/\/archive.org\/download\/audiolauragodoy10032020\/AUDIO%20-%20LAURA%20GODOY%2010%2003%202020.mp3<\/a><\/audio>\n<div class=\"powerpress_player\" id=\"powerpress_player_7985\"><audio class=\"wp-audio-shortcode\" id=\"audio-1740-1\" preload=\"none\" style=\"width: 100%;\" controls=\"controls\"><source type=\"audio\/mpeg\" src=\"https:\/\/archive.org\/download\/audiolauragodoy10032020\/AUDIO%20-%20LAURA%20GODOY%2010%2003%202020.mp3?_=1\" \/><a href=\"https:\/\/archive.org\/download\/audiolauragodoy10032020\/AUDIO%20-%20LAURA%20GODOY%2010%2003%202020.mp3\">https:\/\/archive.org\/download\/audiolauragodoy10032020\/AUDIO%20-%20LAURA%20GODOY%2010%2003%202020.mp3<\/a><\/audio><\/div><p class=\"powerpress_links powerpress_links_mp3\" style=\"margin-bottom: 1px !important;\">Podcast: <a href=\"https:\/\/archive.org\/download\/audiolauragodoy10032020\/AUDIO%20-%20LAURA%20GODOY%2010%2003%202020.mp3\" class=\"powerpress_link_pinw\" target=\"_blank\" title=\"Reproducir en una nueva ventana\" onclick=\"return powerpress_pinw('https:\/\/fmtinkunaco.ar\/?powerpress_pinw=1740-podcast');\" rel=\"nofollow\">Reproducir en una nueva ventana<\/a> | <a href=\"https:\/\/archive.org\/download\/audiolauragodoy10032020\/AUDIO%20-%20LAURA%20GODOY%2010%2003%202020.mp3\" class=\"powerpress_link_d\" title=\"Descargar\" rel=\"nofollow\" download=\"AUDIO%20-%20LAURA%20GODOY%2010%2003%202020.mp3\">Descargar<\/a><\/p>","protected":false},"excerpt":{"rendered":"<p>La Herrer\u00eda Teatro junto a Arandu. Comunidades y Resistencia Audiovisual y Recreo recreaci\u00f3n autogestiva te invitan a una tarde de merienda por la vuelta al aire de la FM Tinkunaco. La invitaci\u00f3n es el pr\u00f3ximo domingo 15 de marzo, a partir de las 17 hs en la Herreria Teatro \u2013 Sarmiento y Arg\u00fcero, San Miguel. [&hellip;]<\/p>\n","protected":false},"author":1,"featured_media":1741,"comment_status":"open","ping_status":"open","sticky":false,"template":"","format":"standard","meta":{"footnotes":""},"categories":[3,4],"tags":[],"class_list":["post-1740","post","type-post","status-publish","format-standard","has-post-thumbnail","hentry","category-cultura","category-derechos-humanos"],"_links":{"self":[{"href":"https:\/\/fmtinkunaco.ar\/index.php?rest_route=\/wp\/v2\/posts\/1740","targetHints":{"allow":["GET"]}}],"collection":[{"href":"https:\/\/fmtinkunaco.ar\/index.php?rest_route=\/wp\/v2\/posts"}],"about":[{"href":"https:\/\/fmtinkunaco.ar\/index.php?rest_route=\/wp\/v2\/types\/post"}],"author":[{"embeddable":true,"href":"https:\/\/fmtinkunaco.ar\/index.php?rest_route=\/wp\/v2\/users\/1"}],"replies":[{"embeddable":true,"href":"https:\/\/fmtinkunaco.ar\/index.php?rest_route=%2Fwp%2Fv2%2Fcomments&post=1740"}],"version-history":[{"count":0,"href":"https:\/\/fmtinkunaco.ar\/index.php?rest_route=\/wp\/v2\/posts\/1740\/revisions"}],"wp:featuredmedia":[{"embeddable":true,"href":"https:\/\/fmtinkunaco.ar\/index.php?rest_route=\/"}],"wp:attachment":[{"href":"https:\/\/fmtinkunaco.ar\/index.php?rest_route=%2Fwp%2Fv2%2Fmedia&parent=1740"}],"wp:term":[{"taxonomy":"category","embeddable":true,"href":"https:\/\/fmtinkunaco.ar\/index.php?rest_route=%2Fwp%2Fv2%2Fcategories&post=1740"},{"taxonomy":"post_tag","embeddable":true,"href":"https:\/\/fmtinkunaco.ar\/index.php?rest_route=%2Fwp%2Fv2%2Ftags&post=1740"}],"curies":[{"name":"wp","href":"https:\/\/api.w.org\/{rel}","templated":true}]}}