{"id":1747,"date":"2020-03-12T14:22:53","date_gmt":"2020-03-12T17:22:53","guid":{"rendered":"http:\/\/fmtinkunaco.com.ar\/?p=1747"},"modified":"2020-03-12T14:22:53","modified_gmt":"2020-03-12T17:22:53","slug":"la-sala-de-salud-de-mirador-de-altube-sin-insumos-basicos","status":"publish","type":"post","link":"https:\/\/fmtinkunaco.ar\/?p=1747","title":{"rendered":"La Sala de Salud de Mirador de Altube sin insumos b\u00e1sicos"},"content":{"rendered":"<p>Vecinos y vecinas, de Jos\u00e9. C. Paz, contin\u00faan denunciando el sistem\u00e1tico vaciamiento del nivel primario de la salud en el distrito.<\/p>\n<p>En di\u00e1logo con el programa radial \u201cEncuentro con las Noticias\u201d, Florencia Gonz\u00e1lez, vecina de la Sala de Mirador de Altube se refiri\u00f3 a la situaci\u00f3n actual de ese CAPS, <em>\u201cYa de por s\u00ed en el centro no tienen alcohol en gel, no tienen gasas, no est\u00e1n mandando los insumos hace rato; as\u00ed que la nota a dem\u00e1s de solicitar un pediatra, cl\u00ednico que no tenemos, ni ginec\u00f3logo tampoco; estamos solicitando tambi\u00e9n los materiales b\u00e1sicos para un centro de salud como alcohol en gel en medio de semejante epidemia y gasas\u201d<\/em>.<\/p>\n<p>Frente a esta situaci\u00f3n diferentes familias que asisten al centro se encargaron de presentar un petitorio, exigiendo la entrega de los insumos necesarios b\u00e1sicos y de las especialidades fundamentales de un centro de salud.<\/p>\n<p>Actualmente, el centro de Mirador de Altube se encuentra sin pediatras, cl\u00ednicos, ni ginec\u00f3logos, as\u00ed lo remarc\u00f3 Florencia Gonz\u00e1lez, <em>\u201cAc\u00e1 no hay pediatra, el a\u00f1o pasado ten\u00edamos 4 veces por semana, ahora no estamos teniendo. De cuatro a dos, y despu\u00e9s a cero. Es tremendo porque es un lugar que realmente es utilizado, aparte nos est\u00e1n mandando a los hospitales, y no podemos ir por un control o por una fiebre leve que antes era una consulta ac\u00e1 en el centro a los hospitales. (\u2026) Son cosas muy diferentes porque quiz\u00e1s uno va por una consulta, por una duda, y de repente vas y te traes algo m\u00e1s grave\u201d<\/em>.<\/p>\n<p>Las familias se encuentran a la espera de respuestas y soluciones concretas, sino barajan la posibilidad de marchas.<\/p>\n<p>Compartimos la entrevista completa<\/p>\n<p><a href=\"https:\/\/archive.org\/details\/audioflorenciagonzalezasalitas12032020\">Descargar<\/a><\/p>\n<audio class=\"wp-audio-shortcode\" id=\"audio-1747-2\" preload=\"none\" style=\"width: 100%;\" controls=\"controls\"><source type=\"audio\/mpeg\" src=\"https:\/\/archive.org\/download\/audioflorenciagonzalezasalitas12032020\/AUDIO%20-%20FLORENCIA%20GONZALEZ%20%28A%20SALITAS%29%2012%2003%202020.mp3?_=2\" \/><a href=\"https:\/\/archive.org\/download\/audioflorenciagonzalezasalitas12032020\/AUDIO%20-%20FLORENCIA%20GONZALEZ%20%28A%20SALITAS%29%2012%2003%202020.mp3\">https:\/\/archive.org\/download\/audioflorenciagonzalezasalitas12032020\/AUDIO%20-%20FLORENCIA%20GONZALEZ%20%28A%20SALITAS%29%2012%2003%202020.mp3<\/a><\/audio>\n<div class=\"powerpress_player\" id=\"powerpress_player_7289\"><audio class=\"wp-audio-shortcode\" id=\"audio-1747-1\" preload=\"none\" style=\"width: 100%;\" controls=\"controls\"><source type=\"audio\/mpeg\" src=\"https:\/\/archive.org\/download\/audioflorenciagonzalezasalitas12032020\/AUDIO%20-%20FLORENCIA%20GONZALEZ%20%28A%20SALITAS%29%2012%2003%202020.mp3?_=1\" \/><a href=\"https:\/\/archive.org\/download\/audioflorenciagonzalezasalitas12032020\/AUDIO%20-%20FLORENCIA%20GONZALEZ%20%28A%20SALITAS%29%2012%2003%202020.mp3\">https:\/\/archive.org\/download\/audioflorenciagonzalezasalitas12032020\/AUDIO%20-%20FLORENCIA%20GONZALEZ%20%28A%20SALITAS%29%2012%2003%202020.mp3<\/a><\/audio><\/div><p class=\"powerpress_links powerpress_links_mp3\" style=\"margin-bottom: 1px !important;\">Podcast: <a href=\"https:\/\/archive.org\/download\/audioflorenciagonzalezasalitas12032020\/AUDIO%20-%20FLORENCIA%20GONZALEZ%20%28A%20SALITAS%29%2012%2003%202020.mp3\" class=\"powerpress_link_pinw\" target=\"_blank\" title=\"Reproducir en una nueva ventana\" onclick=\"return powerpress_pinw('https:\/\/fmtinkunaco.ar\/?powerpress_pinw=1747-podcast');\" rel=\"nofollow\">Reproducir en una nueva ventana<\/a> | <a href=\"https:\/\/archive.org\/download\/audioflorenciagonzalezasalitas12032020\/AUDIO%20-%20FLORENCIA%20GONZALEZ%20%28A%20SALITAS%29%2012%2003%202020.mp3\" class=\"powerpress_link_d\" title=\"Descargar\" rel=\"nofollow\" download=\"AUDIO%20-%20FLORENCIA%20GONZALEZ%20%28A%20SALITAS%29%2012%2003%202020.mp3\">Descargar<\/a><\/p>","protected":false},"excerpt":{"rendered":"<p>Vecinos y vecinas, de Jos\u00e9. C. Paz, contin\u00faan denunciando el sistem\u00e1tico vaciamiento del nivel primario de la salud en el distrito. En di\u00e1logo con el programa radial \u201cEncuentro con las Noticias\u201d, Florencia Gonz\u00e1lez, vecina de la Sala de Mirador de Altube se refiri\u00f3 a la situaci\u00f3n actual de ese CAPS, \u201cYa de por s\u00ed en [&hellip;]<\/p>\n","protected":false},"author":1,"featured_media":1748,"comment_status":"open","ping_status":"open","sticky":false,"template":"","format":"standard","meta":{"footnotes":""},"categories":[7],"tags":[],"class_list":["post-1747","post","type-post","status-publish","format-standard","has-post-thumbnail","hentry","category-salud"],"_links":{"self":[{"href":"https:\/\/fmtinkunaco.ar\/index.php?rest_route=\/wp\/v2\/posts\/1747","targetHints":{"allow":["GET"]}}],"collection":[{"href":"https:\/\/fmtinkunaco.ar\/index.php?rest_route=\/wp\/v2\/posts"}],"about":[{"href":"https:\/\/fmtinkunaco.ar\/index.php?rest_route=\/wp\/v2\/types\/post"}],"author":[{"embeddable":true,"href":"https:\/\/fmtinkunaco.ar\/index.php?rest_route=\/wp\/v2\/users\/1"}],"replies":[{"embeddable":true,"href":"https:\/\/fmtinkunaco.ar\/index.php?rest_route=%2Fwp%2Fv2%2Fcomments&post=1747"}],"version-history":[{"count":0,"href":"https:\/\/fmtinkunaco.ar\/index.php?rest_route=\/wp\/v2\/posts\/1747\/revisions"}],"wp:featuredmedia":[{"embeddable":true,"href":"https:\/\/fmtinkunaco.ar\/index.php?rest_route=\/"}],"wp:attachment":[{"href":"https:\/\/fmtinkunaco.ar\/index.php?rest_route=%2Fwp%2Fv2%2Fmedia&parent=1747"}],"wp:term":[{"taxonomy":"category","embeddable":true,"href":"https:\/\/fmtinkunaco.ar\/index.php?rest_route=%2Fwp%2Fv2%2Fcategories&post=1747"},{"taxonomy":"post_tag","embeddable":true,"href":"https:\/\/fmtinkunaco.ar\/index.php?rest_route=%2Fwp%2Fv2%2Ftags&post=1747"}],"curies":[{"name":"wp","href":"https:\/\/api.w.org\/{rel}","templated":true}]}}