{"id":1750,"date":"2020-03-12T15:16:14","date_gmt":"2020-03-12T18:16:14","guid":{"rendered":"http:\/\/fmtinkunaco.com.ar\/?p=1750"},"modified":"2020-03-12T15:16:14","modified_gmt":"2020-03-12T18:16:14","slug":"jose-c-paz-suspension-de-clases-de-la-ep-n-2","status":"publish","type":"post","link":"https:\/\/fmtinkunaco.ar\/?p=1750","title":{"rendered":"\u00a0Jos\u00e9. C. Paz: Suspensi\u00f3n de clases de la EP N\u00b0 2"},"content":{"rendered":"<p>La escuela primaria N\u00b02 de Jos\u00e9. C. Paz, suspendi\u00f3 las clases sin fecha de reinicio a ra\u00edz de graves problemas de infraestructura.<\/p>\n<p>En di\u00e1logo con el programa radial \u201cEncuentro con las Noticias\u201d, Paula Jove, docente pace\u00f1a y delegada de la EP 2, se refiri\u00f3 al cuadro de situaci\u00f3n del establecimiento, <em>\u201cEn la escuela primaria N\u00b0 2 hay un problema muy muy serio con el suministro de agua que hace que algunos d\u00edas no haya agua en los ba\u00f1os, no haya agua en los dep\u00f3sitos, no haya agua en las piletas para lavarse las manos. Y en v\u00edsperas de que empiece el contagio indiscriminado de la pandemia mundial y no se puede garantizar que haya agua en la escuela es motivo m\u00e1s que suficiente para suspender el servicio. No vamos a poner en riesgo la salud de los chicos, ni de los trabajadores porque no se puede resolver lo del agua. S\u00ed no hay agua la escuela no puede estar funcionando\u201d<\/em>.<\/p>\n<p>Adem\u00e1s, de la preocupante situaci\u00f3n del agua, Jove remarc\u00f3 que el establecimiento tambi\u00e9n tiene problemas el\u00e9ctricos <em>\u201cTambi\u00e9n hay ventiladores que al enchufarlos salta la t\u00e9rmica y toda la instalaci\u00f3n el\u00e9ctrica; inclusive la sospecha de alguna que otra perdida de gas en la cocina, todo un cuadro que hace que la situaci\u00f3n de infraestructura sea lo suficientemente grave como para que el personal de la escuela decidiera ponerlo por escrito, elevarlo a las autoridades\u201d<\/em>.<\/p>\n<p>Las autoridades de la primaria se encuentran a la espera de soluciones inmediatas por parte de quien corresponde, hasta el momento las clases se encuentran suspendidas sin fecha de reinicio.<br \/>\nEn este marco, Jove, sostuvo, <em>\u201cS\u00ed hay problemas con el gas, si hay problemas con la electricidad y si en medio de una pandemia mundial no tenemos un suministro de agua como corresponde, no trabajaremos\u201d.<\/em><\/p>\n<p>Compartimos la entrevista completa<\/p>\n<p><a href=\"https:\/\/archive.org\/details\/audiopaulajove12032020\">Descargar<\/a><\/p>\n<audio class=\"wp-audio-shortcode\" id=\"audio-1750-2\" preload=\"none\" style=\"width: 100%;\" controls=\"controls\"><source type=\"audio\/mpeg\" src=\"https:\/\/archive.org\/download\/audiopaulajove12032020\/AUDIO%20-%20PAULA%20JOVE%2012%2003%202020.mp3?_=2\" \/><a href=\"https:\/\/archive.org\/download\/audiopaulajove12032020\/AUDIO%20-%20PAULA%20JOVE%2012%2003%202020.mp3\">https:\/\/archive.org\/download\/audiopaulajove12032020\/AUDIO%20-%20PAULA%20JOVE%2012%2003%202020.mp3<\/a><\/audio>\n<p>&nbsp;<\/p>\n<p>&nbsp;<\/p>\n<div class=\"powerpress_player\" id=\"powerpress_player_68\"><audio class=\"wp-audio-shortcode\" id=\"audio-1750-1\" preload=\"none\" style=\"width: 100%;\" controls=\"controls\"><source type=\"audio\/mpeg\" src=\"https:\/\/archive.org\/download\/audiopaulajove12032020\/AUDIO%20-%20PAULA%20JOVE%2012%2003%202020.mp3?_=1\" \/><a href=\"https:\/\/archive.org\/download\/audiopaulajove12032020\/AUDIO%20-%20PAULA%20JOVE%2012%2003%202020.mp3\">https:\/\/archive.org\/download\/audiopaulajove12032020\/AUDIO%20-%20PAULA%20JOVE%2012%2003%202020.mp3<\/a><\/audio><\/div><p class=\"powerpress_links powerpress_links_mp3\" style=\"margin-bottom: 1px !important;\">Podcast: <a href=\"https:\/\/archive.org\/download\/audiopaulajove12032020\/AUDIO%20-%20PAULA%20JOVE%2012%2003%202020.mp3\" class=\"powerpress_link_pinw\" target=\"_blank\" title=\"Reproducir en una nueva ventana\" onclick=\"return powerpress_pinw('https:\/\/fmtinkunaco.ar\/?powerpress_pinw=1750-podcast');\" rel=\"nofollow\">Reproducir en una nueva ventana<\/a> | <a href=\"https:\/\/archive.org\/download\/audiopaulajove12032020\/AUDIO%20-%20PAULA%20JOVE%2012%2003%202020.mp3\" class=\"powerpress_link_d\" title=\"Descargar\" rel=\"nofollow\" download=\"AUDIO%20-%20PAULA%20JOVE%2012%2003%202020.mp3\">Descargar<\/a><\/p>","protected":false},"excerpt":{"rendered":"<p>La escuela primaria N\u00b02 de Jos\u00e9. C. Paz, suspendi\u00f3 las clases sin fecha de reinicio a ra\u00edz de graves problemas de infraestructura. En di\u00e1logo con el programa radial \u201cEncuentro con las Noticias\u201d, Paula Jove, docente pace\u00f1a y delegada de la EP 2, se refiri\u00f3 al cuadro de situaci\u00f3n del establecimiento, \u201cEn la escuela primaria N\u00b0 [&hellip;]<\/p>\n","protected":false},"author":1,"featured_media":1751,"comment_status":"open","ping_status":"open","sticky":false,"template":"","format":"standard","meta":{"footnotes":""},"categories":[4,5],"tags":[],"class_list":["post-1750","post","type-post","status-publish","format-standard","has-post-thumbnail","hentry","category-derechos-humanos","category-educacion"],"_links":{"self":[{"href":"https:\/\/fmtinkunaco.ar\/index.php?rest_route=\/wp\/v2\/posts\/1750","targetHints":{"allow":["GET"]}}],"collection":[{"href":"https:\/\/fmtinkunaco.ar\/index.php?rest_route=\/wp\/v2\/posts"}],"about":[{"href":"https:\/\/fmtinkunaco.ar\/index.php?rest_route=\/wp\/v2\/types\/post"}],"author":[{"embeddable":true,"href":"https:\/\/fmtinkunaco.ar\/index.php?rest_route=\/wp\/v2\/users\/1"}],"replies":[{"embeddable":true,"href":"https:\/\/fmtinkunaco.ar\/index.php?rest_route=%2Fwp%2Fv2%2Fcomments&post=1750"}],"version-history":[{"count":0,"href":"https:\/\/fmtinkunaco.ar\/index.php?rest_route=\/wp\/v2\/posts\/1750\/revisions"}],"wp:featuredmedia":[{"embeddable":true,"href":"https:\/\/fmtinkunaco.ar\/index.php?rest_route=\/"}],"wp:attachment":[{"href":"https:\/\/fmtinkunaco.ar\/index.php?rest_route=%2Fwp%2Fv2%2Fmedia&parent=1750"}],"wp:term":[{"taxonomy":"category","embeddable":true,"href":"https:\/\/fmtinkunaco.ar\/index.php?rest_route=%2Fwp%2Fv2%2Fcategories&post=1750"},{"taxonomy":"post_tag","embeddable":true,"href":"https:\/\/fmtinkunaco.ar\/index.php?rest_route=%2Fwp%2Fv2%2Ftags&post=1750"}],"curies":[{"name":"wp","href":"https:\/\/api.w.org\/{rel}","templated":true}]}}