{"id":1756,"date":"2020-03-17T09:14:42","date_gmt":"2020-03-17T12:14:42","guid":{"rendered":"http:\/\/fmtinkunaco.com.ar\/?p=1756"},"modified":"2020-03-17T09:14:42","modified_gmt":"2020-03-17T12:14:42","slug":"buscan-crear-un-espacio-para-las-infancias-en-el-penal-de-devoto","status":"publish","type":"post","link":"https:\/\/fmtinkunaco.ar\/?p=1756","title":{"rendered":"Buscan crear un espacio para las infancias en el Penal de Devoto"},"content":{"rendered":"<p>Forum Infancias creo junto a otras agrupaciones el proyecto \u201cPlazas Blandas\u201d, \u00e1reas con juegos, libros, juguetes para que los infantes puedan vincularse con sus padres, abuelos, t\u00edos, desde un lugar l\u00fadico, cuando van de visita al penal de Devoto.<\/p>\n<p>En el marco de diferentes talleres, se pudo pensar est\u00e1 iniciativa con organizaciones y con los mismos internos para crear un espacio distinto.<\/p>\n<p>En di\u00e1logo con el programa radial \u201cEncuentro con las Noticias\u201d, Carla Elena, Psic\u00f3loga Social integrante de Forum Infancias, se refiri\u00f3 al proyecto \u00a0<em>\u201cVer de qu\u00e9 manera los ni\u00f1os que van a las visitas a los internos pueden conectarse con ellos desde otro lugar, desde un lugar l\u00fadico, desde el juego, as\u00ed el espacio y la subjetividad se construyen de una manera distinta. <\/em><br \/>\n<em> Hoy es los fines de semana, en los cinco m\u00f3dulos que tiene en patios al intemperie, si llueve llueve, s\u00ed hace frio hace fr\u00edo, si hay un sol tremendo hay un sol tremendo y es muy poco alojador para cualquier ser humano pero para un ni\u00f1o especialmente, entonces pensamos con los internos en la posibilidad de juntar juegos, juguetes, las plazas de goma eva para poder armar en cualquier espacio que el servicio penitenciario habilitara, plazas blandas para que los ni\u00f1os y ni\u00f1as pudieran jugar con los internos y se vincularan desde otro lugar cuando van a las visitas\u201d<\/em>.<\/p>\n<p>Elena, remarc\u00f3 la respuesta que le propino el Servicio Penitenciario de Devoto, el cual permiti\u00f3 el ingreso de los juguetes pero obstaculiza el desarrollo del proyecto, <em>\u201cEl servicio lo que me manifest\u00f3 a mi cuando yo fui a entregar los juguetes es que las aulas no estaban en condiciones de alojar a ni\u00f1os, entonces yo dije que el patio a la intemperie tampoco estaba en condiciones de alojar a los ni\u00f1os, me miraron y me dijeron \u00bfqu\u00e9 quer\u00e9s que le haga?<\/em><br \/>\n<em> Y despu\u00e9s que ellos no tienen los agentes para vigilar esta actividad, y el tema de vigilar a mi me causo un poco de tirria porque a m\u00ed me parece que es acompa\u00f1ar una actividad, no vigilarla. Y ellos tiene m\u00e1s de mil agentes y me parece que puede ser un tema a rever y que tiene m\u00e1s que ver con la intenci\u00f3n\u201d<\/em>.<\/p>\n<p>Desde Forum Infancias esperan la respuesta positiva que permita crear este espacio de interacci\u00f3n distendido y l\u00fadico que permita generar un vinculo m\u00e1s ameno entre las ni\u00f1eces y los internos, permitiendo el desarroll\u00f3 de ambos.<\/p>\n<p>Finalmente Carla Elena, remarco, <em>\u201cLo que ellos tienen que hacer es ceder un espacio, nosotros no pedimos ni que tengan un espacio ni que tengan presupuesto para el juguete, nosotros lo que estamos pidiendo es que den un espacio f\u00edsico que tiene el penal\u00bb<\/em>.<\/p>\n<p>Compartimos la entrevista completa<\/p>\n<p><a href=\"https:\/\/archive.org\/details\/audiocarlaelenaforuminfancias13032020\">Descargar<\/a><\/p>\n<audio class=\"wp-audio-shortcode\" id=\"audio-1756-2\" preload=\"none\" style=\"width: 100%;\" controls=\"controls\"><source type=\"audio\/mpeg\" src=\"https:\/\/archive.org\/download\/audiocarlaelenaforuminfancias13032020\/AUDIO%20-%20CARLA%20ELENA%20-%20FORUM%20INFANCIAS%2013%2003%202020.mp3?_=2\" \/><a href=\"https:\/\/archive.org\/download\/audiocarlaelenaforuminfancias13032020\/AUDIO%20-%20CARLA%20ELENA%20-%20FORUM%20INFANCIAS%2013%2003%202020.mp3\">https:\/\/archive.org\/download\/audiocarlaelenaforuminfancias13032020\/AUDIO%20-%20CARLA%20ELENA%20-%20FORUM%20INFANCIAS%2013%2003%202020.mp3<\/a><\/audio>\n<p>&nbsp;<\/p>\n<div class=\"powerpress_player\" id=\"powerpress_player_7559\"><audio class=\"wp-audio-shortcode\" id=\"audio-1756-1\" preload=\"none\" style=\"width: 100%;\" controls=\"controls\"><source type=\"audio\/mpeg\" src=\"https:\/\/archive.org\/download\/audiocarlaelenaforuminfancias13032020\/AUDIO%20-%20CARLA%20ELENA%20-%20FORUM%20INFANCIAS%2013%2003%202020.mp3?_=1\" \/><a href=\"https:\/\/archive.org\/download\/audiocarlaelenaforuminfancias13032020\/AUDIO%20-%20CARLA%20ELENA%20-%20FORUM%20INFANCIAS%2013%2003%202020.mp3\">https:\/\/archive.org\/download\/audiocarlaelenaforuminfancias13032020\/AUDIO%20-%20CARLA%20ELENA%20-%20FORUM%20INFANCIAS%2013%2003%202020.mp3<\/a><\/audio><\/div><p class=\"powerpress_links powerpress_links_mp3\" style=\"margin-bottom: 1px !important;\">Podcast: <a href=\"https:\/\/archive.org\/download\/audiocarlaelenaforuminfancias13032020\/AUDIO%20-%20CARLA%20ELENA%20-%20FORUM%20INFANCIAS%2013%2003%202020.mp3\" class=\"powerpress_link_pinw\" target=\"_blank\" title=\"Reproducir en una nueva ventana\" onclick=\"return powerpress_pinw('https:\/\/fmtinkunaco.ar\/?powerpress_pinw=1756-podcast');\" rel=\"nofollow\">Reproducir en una nueva ventana<\/a> | <a href=\"https:\/\/archive.org\/download\/audiocarlaelenaforuminfancias13032020\/AUDIO%20-%20CARLA%20ELENA%20-%20FORUM%20INFANCIAS%2013%2003%202020.mp3\" class=\"powerpress_link_d\" title=\"Descargar\" rel=\"nofollow\" download=\"AUDIO%20-%20CARLA%20ELENA%20-%20FORUM%20INFANCIAS%2013%2003%202020.mp3\">Descargar<\/a><\/p>","protected":false},"excerpt":{"rendered":"<p>Forum Infancias creo junto a otras agrupaciones el proyecto \u201cPlazas Blandas\u201d, \u00e1reas con juegos, libros, juguetes para que los infantes puedan vincularse con sus padres, abuelos, t\u00edos, desde un lugar l\u00fadico, cuando van de visita al penal de Devoto. En el marco de diferentes talleres, se pudo pensar est\u00e1 iniciativa con organizaciones y con los [&hellip;]<\/p>\n","protected":false},"author":1,"featured_media":1757,"comment_status":"open","ping_status":"open","sticky":false,"template":"","format":"standard","meta":{"footnotes":""},"categories":[4],"tags":[],"class_list":["post-1756","post","type-post","status-publish","format-standard","has-post-thumbnail","hentry","category-derechos-humanos"],"_links":{"self":[{"href":"https:\/\/fmtinkunaco.ar\/index.php?rest_route=\/wp\/v2\/posts\/1756","targetHints":{"allow":["GET"]}}],"collection":[{"href":"https:\/\/fmtinkunaco.ar\/index.php?rest_route=\/wp\/v2\/posts"}],"about":[{"href":"https:\/\/fmtinkunaco.ar\/index.php?rest_route=\/wp\/v2\/types\/post"}],"author":[{"embeddable":true,"href":"https:\/\/fmtinkunaco.ar\/index.php?rest_route=\/wp\/v2\/users\/1"}],"replies":[{"embeddable":true,"href":"https:\/\/fmtinkunaco.ar\/index.php?rest_route=%2Fwp%2Fv2%2Fcomments&post=1756"}],"version-history":[{"count":0,"href":"https:\/\/fmtinkunaco.ar\/index.php?rest_route=\/wp\/v2\/posts\/1756\/revisions"}],"wp:featuredmedia":[{"embeddable":true,"href":"https:\/\/fmtinkunaco.ar\/index.php?rest_route=\/"}],"wp:attachment":[{"href":"https:\/\/fmtinkunaco.ar\/index.php?rest_route=%2Fwp%2Fv2%2Fmedia&parent=1756"}],"wp:term":[{"taxonomy":"category","embeddable":true,"href":"https:\/\/fmtinkunaco.ar\/index.php?rest_route=%2Fwp%2Fv2%2Fcategories&post=1756"},{"taxonomy":"post_tag","embeddable":true,"href":"https:\/\/fmtinkunaco.ar\/index.php?rest_route=%2Fwp%2Fv2%2Ftags&post=1756"}],"curies":[{"name":"wp","href":"https:\/\/api.w.org\/{rel}","templated":true}]}}