{"id":1760,"date":"2020-03-17T10:06:49","date_gmt":"2020-03-17T13:06:49","guid":{"rendered":"http:\/\/fmtinkunaco.com.ar\/?p=1760"},"modified":"2020-03-17T10:06:49","modified_gmt":"2020-03-17T13:06:49","slug":"la-asamblea-no-al-cierre-de-las-salitas-de-jose-c-paz-se-declara-en-estado-de-alerta-ante-la-emergencia-sanitaria-nacional","status":"publish","type":"post","link":"https:\/\/fmtinkunaco.ar\/?p=1760","title":{"rendered":"La Asamblea No Al Cierre de las Salitas de Jos\u00e9 C. Paz se declara en estado de alerta ante la emergencia sanitaria nacional"},"content":{"rendered":"<p>Frente a las declaraciones del Intendente Mario Ishii, de Jos\u00e9. C. Paz, la Asamblea No al Cierre de las Salitas se declara en estado de emergencia; entendiendo que las pol\u00edticas sanitarias no responden a las necesidades actuales.<\/p>\n<p>En di\u00e1logo con el programa radial \u201cEncuentro con las Noticias\u201d, Marcelo Ochoa, integrante de la Asamblea, se refiri\u00f3 a las intenciones de declararse en estado de alerta, <em>\u201cEs poner sobre la mesa un d\u00e9ficit distrital que tenemos a la hora de hacer frente a cualquier eventualidad sanitaria como este caso por el Coronavirus pero tambi\u00e9n podr\u00edamos citar por caso los brotes de sarampi\u00f3n y los casos de dengue. Tiene que ver con volver a poner sobre la mesa un modelo sanitario que ha funcionado en el mundo, sobre el cual se avanz\u00f3 bastante y que tiene que ver con tener servicios sanitarios distribuidos territorialmente, en lugares estrat\u00e9gicos, para que la poblaci\u00f3n no tenga que trasladarse demasiado y pueda acceder, sobretodo, a servicios preventivos.<\/em><br \/>\n<em> De las declaraciones el Intendente municipal lo que nos preocup\u00f3 es que se est\u00e9 pensando en equipar con paredes de vidrio un\u00a0 hospital para atender los casos cuando lo que necesitamos en esta parte de la pandemia es garantizar estrategias de prevenci\u00f3n masivas, para toda la poblaci\u00f3n con informaci\u00f3n cient\u00edficamente avalada\u201d<\/em>.<\/p>\n<p>Marcelo Ochoa, adem\u00e1s, remarc\u00f3 la importancia de tener pol\u00edticas concretas \u00a0que vayan de la mano de las necesidades principales y b\u00e1sicas de el sistema de salud, <em>\u201cNosotros nos acercamos ahora a un momento cr\u00edtico del a\u00f1o sanitario que tiene que ver con todas las enfermedades respiratorias, entonces qu\u00e9 vamos a hacer con estas cuestiones, adem\u00e1s de lo heredado que viene de afuera tenemos nuestros propios problemas como la tuberculosis, las enfermedades respiratorias agudas bajas, que eso no va a cesar. Entonces hay que tomar decisiones r\u00e1pidas e importantes para fortalecer todos los niveles sanitarios y el nivel de las salitas es el nivel primario que lo que puede hacer es que la gente no se enferme b\u00e1sicamente, que es much\u00edsimo para que no colapse el sistema sanitario\u201d<\/em>.<\/p>\n<p>El desmantelamiento sistem\u00e1tico del primer nivel de atenci\u00f3n de la salud, en Jos\u00e9. C. Paz, se sucede hace m\u00e1s de cuatro a\u00f1os y en este contexto hacer frente a esta nueva enfermedad, lo que ser\u00eda casi imposible.<br \/>\nEste es uno de las principales causas que movi\u00f3 a la asamblea a declararse en alerta.<br \/>\nCompartimos la entrevista completa<\/p>\n<p><a href=\"https:\/\/archive.org\/details\/audiomarceloochoacompleta16032020\">Descargar<\/a><\/p>\n<audio class=\"wp-audio-shortcode\" id=\"audio-1760-2\" preload=\"none\" style=\"width: 100%;\" controls=\"controls\"><source type=\"audio\/mpeg\" src=\"https:\/\/archive.org\/download\/audiomarceloochoacompleta16032020\/AUDIO%20-%20MARCELO%20OCHOA%20%28COMPLETA%29%2016%2003%202020.mp3?_=2\" \/><a href=\"https:\/\/archive.org\/download\/audiomarceloochoacompleta16032020\/AUDIO%20-%20MARCELO%20OCHOA%20%28COMPLETA%29%2016%2003%202020.mp3\">https:\/\/archive.org\/download\/audiomarceloochoacompleta16032020\/AUDIO%20-%20MARCELO%20OCHOA%20%28COMPLETA%29%2016%2003%202020.mp3<\/a><\/audio>\n<div class=\"powerpress_player\" id=\"powerpress_player_8341\"><audio class=\"wp-audio-shortcode\" id=\"audio-1760-1\" preload=\"none\" style=\"width: 100%;\" controls=\"controls\"><source type=\"audio\/mpeg\" src=\"https:\/\/archive.org\/download\/audiomarceloochoacompleta16032020\/AUDIO%20-%20MARCELO%20OCHOA%20%28COMPLETA%29%2016%2003%202020.mp3?_=1\" \/><a href=\"https:\/\/archive.org\/download\/audiomarceloochoacompleta16032020\/AUDIO%20-%20MARCELO%20OCHOA%20%28COMPLETA%29%2016%2003%202020.mp3\">https:\/\/archive.org\/download\/audiomarceloochoacompleta16032020\/AUDIO%20-%20MARCELO%20OCHOA%20%28COMPLETA%29%2016%2003%202020.mp3<\/a><\/audio><\/div><p class=\"powerpress_links powerpress_links_mp3\" style=\"margin-bottom: 1px !important;\">Podcast: <a href=\"https:\/\/archive.org\/download\/audiomarceloochoacompleta16032020\/AUDIO%20-%20MARCELO%20OCHOA%20%28COMPLETA%29%2016%2003%202020.mp3\" class=\"powerpress_link_pinw\" target=\"_blank\" title=\"Reproducir en una nueva ventana\" onclick=\"return powerpress_pinw('https:\/\/fmtinkunaco.ar\/?powerpress_pinw=1760-podcast');\" rel=\"nofollow\">Reproducir en una nueva ventana<\/a> | <a href=\"https:\/\/archive.org\/download\/audiomarceloochoacompleta16032020\/AUDIO%20-%20MARCELO%20OCHOA%20%28COMPLETA%29%2016%2003%202020.mp3\" class=\"powerpress_link_d\" title=\"Descargar\" rel=\"nofollow\" download=\"AUDIO%20-%20MARCELO%20OCHOA%20%28COMPLETA%29%2016%2003%202020.mp3\">Descargar<\/a><\/p>","protected":false},"excerpt":{"rendered":"<p>Frente a las declaraciones del Intendente Mario Ishii, de Jos\u00e9. C. Paz, la Asamblea No al Cierre de las Salitas se declara en estado de emergencia; entendiendo que las pol\u00edticas sanitarias no responden a las necesidades actuales. En di\u00e1logo con el programa radial \u201cEncuentro con las Noticias\u201d, Marcelo Ochoa, integrante de la Asamblea, se refiri\u00f3 [&hellip;]<\/p>\n","protected":false},"author":1,"featured_media":1761,"comment_status":"open","ping_status":"open","sticky":false,"template":"","format":"standard","meta":{"footnotes":""},"categories":[4,7],"tags":[],"class_list":["post-1760","post","type-post","status-publish","format-standard","has-post-thumbnail","hentry","category-derechos-humanos","category-salud"],"_links":{"self":[{"href":"https:\/\/fmtinkunaco.ar\/index.php?rest_route=\/wp\/v2\/posts\/1760","targetHints":{"allow":["GET"]}}],"collection":[{"href":"https:\/\/fmtinkunaco.ar\/index.php?rest_route=\/wp\/v2\/posts"}],"about":[{"href":"https:\/\/fmtinkunaco.ar\/index.php?rest_route=\/wp\/v2\/types\/post"}],"author":[{"embeddable":true,"href":"https:\/\/fmtinkunaco.ar\/index.php?rest_route=\/wp\/v2\/users\/1"}],"replies":[{"embeddable":true,"href":"https:\/\/fmtinkunaco.ar\/index.php?rest_route=%2Fwp%2Fv2%2Fcomments&post=1760"}],"version-history":[{"count":0,"href":"https:\/\/fmtinkunaco.ar\/index.php?rest_route=\/wp\/v2\/posts\/1760\/revisions"}],"wp:featuredmedia":[{"embeddable":true,"href":"https:\/\/fmtinkunaco.ar\/index.php?rest_route=\/"}],"wp:attachment":[{"href":"https:\/\/fmtinkunaco.ar\/index.php?rest_route=%2Fwp%2Fv2%2Fmedia&parent=1760"}],"wp:term":[{"taxonomy":"category","embeddable":true,"href":"https:\/\/fmtinkunaco.ar\/index.php?rest_route=%2Fwp%2Fv2%2Fcategories&post=1760"},{"taxonomy":"post_tag","embeddable":true,"href":"https:\/\/fmtinkunaco.ar\/index.php?rest_route=%2Fwp%2Fv2%2Ftags&post=1760"}],"curies":[{"name":"wp","href":"https:\/\/api.w.org\/{rel}","templated":true}]}}