{"id":1764,"date":"2020-03-17T11:26:14","date_gmt":"2020-03-17T14:26:14","guid":{"rendered":"http:\/\/fmtinkunaco.com.ar\/?p=1764"},"modified":"2020-03-17T11:26:14","modified_gmt":"2020-03-17T14:26:14","slug":"jose-c-paz-mantienen-el-funcionamiento-de-las-escuelas-con-guardias-rotativas","status":"publish","type":"post","link":"https:\/\/fmtinkunaco.ar\/?p=1764","title":{"rendered":"Jos\u00e9. C. Paz: Mantienen el funcionamiento de las escuelas con guardias rotativas"},"content":{"rendered":"<p>Entre las medidas tomadas por el Presidente Alberto Fern\u00e1ndez, frente a la pandemia del coronavirus, se encuentra la cancelaci\u00f3n de clases de nivel inicial\/primario\/secundario pero a\u00fan as\u00ed y sin ni\u00f1os, en el inicio de esta semana, se hizo cumplir horario normal a los docentes.<\/p>\n<p>S\u00ed bien existe el decreto, en muchos partidos bonaerenses la \u00faltima palabra es de la jefatura distrital.<\/p>\n<p>En di\u00e1logo con el programa radial \u201cEncuentro con las Noticias\u201d, Daniel Mart\u00ednez, SUTEBA Jos\u00e9. C. Paz \u2013 seccional General Sarmiento, se refiri\u00f3 a esta situaci\u00f3n <em>\u00a0\u201cEst\u00e1 definido el tema de la apertura de las escuelas y la atenci\u00f3n de los servicios como el SAE, el comedor y dem\u00e1s; esto nosotros lo estamos cuestionando en relaci\u00f3n a un articulo muy claro, el segundo, que establece esto y nosotros estamos cuestion\u00e1ndolo en relaci\u00f3n a cuestiones que tiene que ver con el sentido com\u00fan, relacionadas a la prescripci\u00f3n que se plantea en t\u00e9rminos de disminuir de mejor manera la circulaci\u00f3n de gente, ya sea en la permanencia de las escuelas o en la circulaci\u00f3n a trav\u00e9s de los medios de transporte y esta decisi\u00f3n no estar\u00eda contribuyendo para eso\u201d<\/em>.<\/p>\n<p>Mart\u00ednez, adem\u00e1s, remarc\u00f3 que la situaci\u00f3n edilicia de las escuelas del partido de Jos\u00e9. C. Paz tambi\u00e9n y la falta de insumos hace que tampoco sea segura la permanencia en estos espacios, <em>\u201cNo est\u00e1 garantizada la provisi\u00f3n de los insumos b\u00e1sicos necesarios como para generar condiciones salubres en relaci\u00f3n a este tema, y a cualquier otra enfermedad, porque no tenemos lavandina, porque no tenemos alcohol en gel, porque no est\u00e1n garantizadas las condiciones en muchos casos de provisi\u00f3n de agua. En ese contexto, la apertura de las escuelas por parte de los docentes, equipo directivo y auxiliares nos parece desaconsejable\u201d<\/em>.<\/p>\n<p>Daniel Mart\u00ednez, describi\u00f3 cu\u00e1les eran las demandas desde SUTEBA, <em>\u201cLa eximici\u00f3n de cualquier obligaci\u00f3n laboral de todo lo que es la poblaci\u00f3n de riesgo o aquellos docentes que tienen en el grupo intrafamiliar una situaci\u00f3n de riesgo, avanzar sobre la garant\u00eda ya porque estaba planteado en el decreto pero vamos a ver c\u00f3mo funciona en t\u00e9rminos reales c\u00f3mo se cargan las licencias; la provisi\u00f3n de elementos de limpieza para que se avance en una desinfecci\u00f3n importante en todos los servicios escolares y la garant\u00eda de la apertura a partir de servicios m\u00ednimos y rotativos\u201d<\/em>.<\/p>\n<p>Luego de la reuni\u00f3n del d\u00eda de ayer, Suteba, logr\u00f3 que le reconocieran las demandas presentadas y las jefaturas distritales se acoplaran a la decisi\u00f3n provincial.<\/p>\n<p>Compartimos el comunicado del gobierno:<\/p>\n<p>RESPUESTA DEL GOBIERNO Al PLANTEO DEL FUDB<\/p>\n<p>La Plata, 16\/03\/20<\/p>\n<p>El FRENTE de UNIDAD DOCENTE BONAERENSE fue convocado a reuni\u00f3n con la Directora General de Cultura y Educaci\u00f3n, la Ministra de Trabajo, el Ministro de Salud y el Jefe de Gabinete de la provincia de Buenos Aires.<\/p>\n<p>El Gobierno recepcion\u00f3 los planteos gremiales y resolvi\u00f3<\/p>\n<p>&#8211; Facultar a\u00a0 los Equipos Directivos de los Establecimientos, junto a los Inspectores a \u00a0determinar el plan de contingencia en cuanto a la continuidad pedag\u00f3gica y del Servicio Alimentario Escolar. Para tal fin organizar\u00e1n\u00a0 guardias, alternancias y\/o turnos.<\/p>\n<p>-Avanzar en el otorgamiento de todas las licencias correspondientes a las\u00a0 situaciones que anunci\u00f3 el Gobierno Nacional, adecuando para tal fin,\u00a0 la normativa de la Provincia<\/p>\n<p>Asimismo se comprometieron a la provisi\u00f3n de elementos de higiene para todas las Escuelas como as\u00ed tambi\u00e9n a\u00a0 darle continuidad a las obras de infraestructura en curso.<\/p>\n<p>El resguardo de la salud de todos\u00a0 es nuestro compromiso.<\/p>\n<p>FRENTE DE UNIDAD DOCENTE BONAERENSE<\/p>\n<p>AMET FEB SADOP SUTEBA UDOCBA<\/p>\n<p>Compartimos la entrevista completa<\/p>\n<p><a href=\"https:\/\/archive.org\/details\/audiodanielmartinezsutebajcp16032020\">Descargar<\/a><\/p>\n<audio class=\"wp-audio-shortcode\" id=\"audio-1764-2\" preload=\"none\" style=\"width: 100%;\" controls=\"controls\"><source type=\"audio\/mpeg\" src=\"https:\/\/archive.org\/download\/audiodanielmartinezsutebajcp16032020\/AUDIO%20-%20DANIEL%20MARTINEZ%20-%20SUTEBA%20JCP%2016%2003%202020.mp3?_=2\" \/><a href=\"https:\/\/archive.org\/download\/audiodanielmartinezsutebajcp16032020\/AUDIO%20-%20DANIEL%20MARTINEZ%20-%20SUTEBA%20JCP%2016%2003%202020.mp3\">https:\/\/archive.org\/download\/audiodanielmartinezsutebajcp16032020\/AUDIO%20-%20DANIEL%20MARTINEZ%20-%20SUTEBA%20JCP%2016%2003%202020.mp3<\/a><\/audio>\n<div class=\"powerpress_player\" id=\"powerpress_player_4662\"><audio class=\"wp-audio-shortcode\" id=\"audio-1764-1\" preload=\"none\" style=\"width: 100%;\" controls=\"controls\"><source type=\"audio\/mpeg\" src=\"https:\/\/archive.org\/download\/audiodanielmartinezsutebajcp16032020\/AUDIO%20-%20DANIEL%20MARTINEZ%20-%20SUTEBA%20JCP%2016%2003%202020.mp3?_=1\" \/><a href=\"https:\/\/archive.org\/download\/audiodanielmartinezsutebajcp16032020\/AUDIO%20-%20DANIEL%20MARTINEZ%20-%20SUTEBA%20JCP%2016%2003%202020.mp3\">https:\/\/archive.org\/download\/audiodanielmartinezsutebajcp16032020\/AUDIO%20-%20DANIEL%20MARTINEZ%20-%20SUTEBA%20JCP%2016%2003%202020.mp3<\/a><\/audio><\/div><p class=\"powerpress_links powerpress_links_mp3\" style=\"margin-bottom: 1px !important;\">Podcast: <a href=\"https:\/\/archive.org\/download\/audiodanielmartinezsutebajcp16032020\/AUDIO%20-%20DANIEL%20MARTINEZ%20-%20SUTEBA%20JCP%2016%2003%202020.mp3\" class=\"powerpress_link_pinw\" target=\"_blank\" title=\"Reproducir en una nueva ventana\" onclick=\"return powerpress_pinw('https:\/\/fmtinkunaco.ar\/?powerpress_pinw=1764-podcast');\" rel=\"nofollow\">Reproducir en una nueva ventana<\/a> | <a href=\"https:\/\/archive.org\/download\/audiodanielmartinezsutebajcp16032020\/AUDIO%20-%20DANIEL%20MARTINEZ%20-%20SUTEBA%20JCP%2016%2003%202020.mp3\" class=\"powerpress_link_d\" title=\"Descargar\" rel=\"nofollow\" download=\"AUDIO%20-%20DANIEL%20MARTINEZ%20-%20SUTEBA%20JCP%2016%2003%202020.mp3\">Descargar<\/a><\/p>","protected":false},"excerpt":{"rendered":"<p>Entre las medidas tomadas por el Presidente Alberto Fern\u00e1ndez, frente a la pandemia del coronavirus, se encuentra la cancelaci\u00f3n de clases de nivel inicial\/primario\/secundario pero a\u00fan as\u00ed y sin ni\u00f1os, en el inicio de esta semana, se hizo cumplir horario normal a los docentes. S\u00ed bien existe el decreto, en muchos partidos bonaerenses la \u00faltima [&hellip;]<\/p>\n","protected":false},"author":1,"featured_media":1765,"comment_status":"open","ping_status":"open","sticky":false,"template":"","format":"standard","meta":{"footnotes":""},"categories":[5],"tags":[],"class_list":["post-1764","post","type-post","status-publish","format-standard","has-post-thumbnail","hentry","category-educacion"],"_links":{"self":[{"href":"https:\/\/fmtinkunaco.ar\/index.php?rest_route=\/wp\/v2\/posts\/1764","targetHints":{"allow":["GET"]}}],"collection":[{"href":"https:\/\/fmtinkunaco.ar\/index.php?rest_route=\/wp\/v2\/posts"}],"about":[{"href":"https:\/\/fmtinkunaco.ar\/index.php?rest_route=\/wp\/v2\/types\/post"}],"author":[{"embeddable":true,"href":"https:\/\/fmtinkunaco.ar\/index.php?rest_route=\/wp\/v2\/users\/1"}],"replies":[{"embeddable":true,"href":"https:\/\/fmtinkunaco.ar\/index.php?rest_route=%2Fwp%2Fv2%2Fcomments&post=1764"}],"version-history":[{"count":0,"href":"https:\/\/fmtinkunaco.ar\/index.php?rest_route=\/wp\/v2\/posts\/1764\/revisions"}],"wp:featuredmedia":[{"embeddable":true,"href":"https:\/\/fmtinkunaco.ar\/index.php?rest_route=\/"}],"wp:attachment":[{"href":"https:\/\/fmtinkunaco.ar\/index.php?rest_route=%2Fwp%2Fv2%2Fmedia&parent=1764"}],"wp:term":[{"taxonomy":"category","embeddable":true,"href":"https:\/\/fmtinkunaco.ar\/index.php?rest_route=%2Fwp%2Fv2%2Fcategories&post=1764"},{"taxonomy":"post_tag","embeddable":true,"href":"https:\/\/fmtinkunaco.ar\/index.php?rest_route=%2Fwp%2Fv2%2Ftags&post=1764"}],"curies":[{"name":"wp","href":"https:\/\/api.w.org\/{rel}","templated":true}]}}