{"id":1768,"date":"2020-03-18T10:49:37","date_gmt":"2020-03-18T13:49:37","guid":{"rendered":"http:\/\/fmtinkunaco.com.ar\/?p=1768"},"modified":"2020-03-18T10:49:37","modified_gmt":"2020-03-18T13:49:37","slug":"habilitan-sector-de-internacion-para-casos-sospechosos-de-coronavirus-en-el-hospital-mercante","status":"publish","type":"post","link":"https:\/\/fmtinkunaco.ar\/?p=1768","title":{"rendered":"Habilitan sector de internaci\u00f3n para casos sospechosos de Coronavirus en el Hospital Mercante"},"content":{"rendered":"<p>El vaciamiento en los distintos niveles de salud es notorio y se profundiza en el partido de Jos\u00e9. C. Paz, y en este contexto los centros de atenci\u00f3n primaria de la salud, al igual que los hospitales provinciales deben hacer frente a el Coronavirus.<\/p>\n<p>En di\u00e1logo con el programa radial \u201cEncuentro con las Noticias\u201d, Paola Trejo, Delegada del Hospital Mercante y Enfermera del sector de pediatr\u00eda, se refiri\u00f3 a la necesidad de un protocolo que reci\u00e9n fue definido en el Hospital Mercante el d\u00eda lunes, <em>\u201cNo ten\u00edamos un protocolo realmente establecido de c\u00f3mo se ingresa un paciente con fiebre, realmente c\u00f3mo hacer y c\u00f3mo proteger al personal, al paciente y a la gente que est\u00e1 en sala de espera. <\/em><br \/>\n<em> Entonces se quiso dar una charla, la ido la infectologa Acevedo y ah\u00ed empezaron a salir las preguntas, cu\u00e1l es el protocolo, cu\u00e1les son los insumos con los que podemos contar, a d\u00f3nde vamos a poner esos pacientes que ingresan con fiebre. Entonces se empez\u00f3 a dar una charla con muchas evasivas, \u00a0que los insumos est\u00e1n llegando, que se est\u00e1n preparando, ac\u00e1 tiene que estar todo preparado y tienen que estar los insumos para proteger al personal y al paciente\u201d<\/em>.<\/p>\n<p>Trejo explic\u00f3, adem\u00e1s, que diferentes servicio brindados por el Hospital provincial Mercante fueron suspendidos para evitar, de esta manera, la aglomeraci\u00f3n de mucha cantidad de personas; enmarc\u00e1ndose y acompa\u00f1ando la medida de Emergencia Sanitaria. <em>\u201cAhora el hospital esta vacio, no hay consultorios; hasta el 31 no atienden todo lo que es laboratorio, todo lo que es consultorio, est\u00e1 todo suspendido. El hospital est\u00e1 vac\u00edo por suerte y no hay aglomeraci\u00f3n de pacientes, familiares, ni\u00f1os\u201d<\/em>.<\/p>\n<p>Finalmente, Paola Trejo, explic\u00f3 c\u00f3mo prevenir y cu\u00e1les son los principales s\u00edntomas y remarco la necesidad de que la comunidad tome conciencia de la gravedad de la situaci\u00f3n, <em>\u201cLos s\u00edntomas son fiebre mayor de 38\u00b0, tos seca y dificultad para respirar; las precauciones son en lavado de manos, toser en el pliegue del codo, limpiar todo lo que es la mesada puede ser con alcohol o con lavandina, y evitar las salidas. Nosotros vemos que la gente anda por Jos\u00e9. C. Paz, pasean y no tienen idea del riesgo que est\u00e1n corriendo, no solamente los adultos si no los ni\u00f1os. (\u2026) Hay que tomar conciencia de que es grave, porque s\u00ed no van pasean, van llevando el virus de un lado a otro, no se lavan las manos\u201d<\/em>.<\/p>\n<p>Dentro del protocolo establecido, se destin\u00f3 un lugar dentro del hospital con el objetivo de atender a los pacientes con s\u00edntomas coincidentes con el COVID \u2013 19 que permita cuidarlos y cuidar tanto al personal del hospital como a otros pacientes.<\/p>\n<p>Compartimos la entrevista completa<\/p>\n<p><a href=\"https:\/\/archive.org\/details\/audiopaolatrejo17032020\">Descargar<\/a><\/p>\n<p>&nbsp;<\/p>\n<audio class=\"wp-audio-shortcode\" id=\"audio-1768-2\" preload=\"none\" style=\"width: 100%;\" controls=\"controls\"><source type=\"audio\/mpeg\" src=\"https:\/\/archive.org\/download\/audiopaolatrejo17032020\/AUDIO%20-%20PAOLA%20TREJO%2017%2003%202020.mp3?_=2\" \/><a href=\"https:\/\/archive.org\/download\/audiopaolatrejo17032020\/AUDIO%20-%20PAOLA%20TREJO%2017%2003%202020.mp3\">https:\/\/archive.org\/download\/audiopaolatrejo17032020\/AUDIO%20-%20PAOLA%20TREJO%2017%2003%202020.mp3<\/a><\/audio>\n<div class=\"powerpress_player\" id=\"powerpress_player_8120\"><audio class=\"wp-audio-shortcode\" id=\"audio-1768-1\" preload=\"none\" style=\"width: 100%;\" controls=\"controls\"><source type=\"audio\/mpeg\" src=\"https:\/\/archive.org\/download\/audiopaolatrejo17032020\/AUDIO%20-%20PAOLA%20TREJO%2017%2003%202020.mp3?_=1\" \/><a href=\"https:\/\/archive.org\/download\/audiopaolatrejo17032020\/AUDIO%20-%20PAOLA%20TREJO%2017%2003%202020.mp3\">https:\/\/archive.org\/download\/audiopaolatrejo17032020\/AUDIO%20-%20PAOLA%20TREJO%2017%2003%202020.mp3<\/a><\/audio><\/div><p class=\"powerpress_links powerpress_links_mp3\" style=\"margin-bottom: 1px !important;\">Podcast: <a href=\"https:\/\/archive.org\/download\/audiopaolatrejo17032020\/AUDIO%20-%20PAOLA%20TREJO%2017%2003%202020.mp3\" class=\"powerpress_link_pinw\" target=\"_blank\" title=\"Reproducir en una nueva ventana\" onclick=\"return powerpress_pinw('https:\/\/fmtinkunaco.ar\/?powerpress_pinw=1768-podcast');\" rel=\"nofollow\">Reproducir en una nueva ventana<\/a> | <a href=\"https:\/\/archive.org\/download\/audiopaolatrejo17032020\/AUDIO%20-%20PAOLA%20TREJO%2017%2003%202020.mp3\" class=\"powerpress_link_d\" title=\"Descargar\" rel=\"nofollow\" download=\"AUDIO%20-%20PAOLA%20TREJO%2017%2003%202020.mp3\">Descargar<\/a><\/p>","protected":false},"excerpt":{"rendered":"<p>El vaciamiento en los distintos niveles de salud es notorio y se profundiza en el partido de Jos\u00e9. C. Paz, y en este contexto los centros de atenci\u00f3n primaria de la salud, al igual que los hospitales provinciales deben hacer frente a el Coronavirus. En di\u00e1logo con el programa radial \u201cEncuentro con las Noticias\u201d, Paola [&hellip;]<\/p>\n","protected":false},"author":1,"featured_media":1769,"comment_status":"open","ping_status":"open","sticky":false,"template":"","format":"standard","meta":{"footnotes":""},"categories":[7],"tags":[],"class_list":["post-1768","post","type-post","status-publish","format-standard","has-post-thumbnail","hentry","category-salud"],"_links":{"self":[{"href":"https:\/\/fmtinkunaco.ar\/index.php?rest_route=\/wp\/v2\/posts\/1768","targetHints":{"allow":["GET"]}}],"collection":[{"href":"https:\/\/fmtinkunaco.ar\/index.php?rest_route=\/wp\/v2\/posts"}],"about":[{"href":"https:\/\/fmtinkunaco.ar\/index.php?rest_route=\/wp\/v2\/types\/post"}],"author":[{"embeddable":true,"href":"https:\/\/fmtinkunaco.ar\/index.php?rest_route=\/wp\/v2\/users\/1"}],"replies":[{"embeddable":true,"href":"https:\/\/fmtinkunaco.ar\/index.php?rest_route=%2Fwp%2Fv2%2Fcomments&post=1768"}],"version-history":[{"count":0,"href":"https:\/\/fmtinkunaco.ar\/index.php?rest_route=\/wp\/v2\/posts\/1768\/revisions"}],"wp:featuredmedia":[{"embeddable":true,"href":"https:\/\/fmtinkunaco.ar\/index.php?rest_route=\/"}],"wp:attachment":[{"href":"https:\/\/fmtinkunaco.ar\/index.php?rest_route=%2Fwp%2Fv2%2Fmedia&parent=1768"}],"wp:term":[{"taxonomy":"category","embeddable":true,"href":"https:\/\/fmtinkunaco.ar\/index.php?rest_route=%2Fwp%2Fv2%2Fcategories&post=1768"},{"taxonomy":"post_tag","embeddable":true,"href":"https:\/\/fmtinkunaco.ar\/index.php?rest_route=%2Fwp%2Fv2%2Ftags&post=1768"}],"curies":[{"name":"wp","href":"https:\/\/api.w.org\/{rel}","templated":true}]}}