{"id":1771,"date":"2020-03-19T09:51:38","date_gmt":"2020-03-19T12:51:38","guid":{"rendered":"http:\/\/fmtinkunaco.com.ar\/?p=1771"},"modified":"2020-03-19T09:51:38","modified_gmt":"2020-03-19T12:51:38","slug":"coronavirus-los-trabajadores-y-trabajadoras-municipales-exigen-ser-cuidados","status":"publish","type":"post","link":"https:\/\/fmtinkunaco.ar\/?p=1771","title":{"rendered":"Coronavirus: Los trabajadores y trabajadoras municipales exigen ser cuidados"},"content":{"rendered":"<p>Los trabajadores y trabajadoras municipales de Malvinas Argentinas, San Miguel y Jos\u00e9. C. Paz, exigen mediante sindicato que los municipios aseguren las medidas necesarias de seguridad e higiene que les permita trabajar en este contexto de Emergencia Sanitaria como consecuencia del Coronavirus \u2013 COVID 19. Y que cumplan con las licencias a quienes forman parte del grupo de riesgo.<\/p>\n<p>En di\u00e1logo con el programa radial \u201cEncuentro con las Noticias\u201d, Abel Venecia, Secretario General del Sindicato de Trabajadores Municipales de Jos\u00e9. C. Paz, San Miguel y Malvinas Argentinas, se refiri\u00f3 a las principales exigencias del sindicato a las autoridades frente a este contexto, <em>\u201cNosotros, en principio, lo que hemos hablado con los municipios es que extreme las medidas de seguridad para nuestros compa\u00f1eros y en principio, a trav\u00e9s, del Decreto que sac\u00f3 \u00a0naci\u00f3n y provincia se est\u00e1 ejecutando eso ahora. Por ejemplo, los compa\u00f1eros que tienen m\u00e1s de 60 a\u00f1os y que tienen enfermedades preexistentes se les da una licencia hasta el 31 y despu\u00e9s extremar las medidas de los compa\u00f1eros que est\u00e1n trabajando; que haya menos gente en los lugares de trabajo porque ac\u00e1 lo principal es evitar la circulaci\u00f3n de gente y que esos compa\u00f1eros est\u00e9n protegidos, con alcohol en gel, con guantes, con todos los elementos que sean necesarios\u201d.<\/em><\/p>\n<p>Adem\u00e1s, Venecia, remarc\u00f3 y enumer\u00f3 cu\u00e1les han sido las principales consultas de los trabajadores\u00a0 y \u00a0trabajadoras municipales, <em>\u201cLas consultas de los compa\u00f1eros tienen en principio que ver con aquellos que tienen la edad para tomarse la licencia, compa\u00f1eras que est\u00e1n trabajando que le provean los elementos, y sobretodo tambi\u00e9n que tengan una reducci\u00f3n horaria; as\u00ed que estamos viendo eso, si los municipios pueden hacer una reducci\u00f3n horaria en los sectores\u201d.<\/em><\/p>\n<p>Desde el Sindicato esperan que el Ministerio de Trabajo realic\u00e9 un control sobre los municipios para que cumplan con las medidas impulsadas desde naci\u00f3n y provincia.<\/p>\n<p>Compartimos la entrevista completa<\/p>\n<p><a href=\"https:\/\/archive.org\/details\/audioabelveneciamuniciexgralsarmiento19032020\">Descargar<\/a><\/p>\n<audio class=\"wp-audio-shortcode\" id=\"audio-1771-2\" preload=\"none\" style=\"width: 100%;\" controls=\"controls\"><source type=\"audio\/mpeg\" src=\"https:\/\/archive.org\/download\/audioabelveneciamuniciexgralsarmiento19032020\/AUDIO%20-%20ABEL%20VENECIA%20-%20MUNICI%20EX%20GRAL%20SARMIENTO%2019%2003%202020.mp3?_=2\" \/><a href=\"https:\/\/archive.org\/download\/audioabelveneciamuniciexgralsarmiento19032020\/AUDIO%20-%20ABEL%20VENECIA%20-%20MUNICI%20EX%20GRAL%20SARMIENTO%2019%2003%202020.mp3\">https:\/\/archive.org\/download\/audioabelveneciamuniciexgralsarmiento19032020\/AUDIO%20-%20ABEL%20VENECIA%20-%20MUNICI%20EX%20GRAL%20SARMIENTO%2019%2003%202020.mp3<\/a><\/audio>\n<div class=\"powerpress_player\" id=\"powerpress_player_1563\"><audio class=\"wp-audio-shortcode\" id=\"audio-1771-1\" preload=\"none\" style=\"width: 100%;\" controls=\"controls\"><source type=\"audio\/mpeg\" src=\"https:\/\/archive.org\/download\/audioabelveneciamuniciexgralsarmiento19032020\/AUDIO%20-%20ABEL%20VENECIA%20-%20MUNICI%20EX%20GRAL%20SARMIENTO%2019%2003%202020.mp3?_=1\" \/><a href=\"https:\/\/archive.org\/download\/audioabelveneciamuniciexgralsarmiento19032020\/AUDIO%20-%20ABEL%20VENECIA%20-%20MUNICI%20EX%20GRAL%20SARMIENTO%2019%2003%202020.mp3\">https:\/\/archive.org\/download\/audioabelveneciamuniciexgralsarmiento19032020\/AUDIO%20-%20ABEL%20VENECIA%20-%20MUNICI%20EX%20GRAL%20SARMIENTO%2019%2003%202020.mp3<\/a><\/audio><\/div><p class=\"powerpress_links powerpress_links_mp3\" style=\"margin-bottom: 1px !important;\">Podcast: <a href=\"https:\/\/archive.org\/download\/audioabelveneciamuniciexgralsarmiento19032020\/AUDIO%20-%20ABEL%20VENECIA%20-%20MUNICI%20EX%20GRAL%20SARMIENTO%2019%2003%202020.mp3\" class=\"powerpress_link_pinw\" target=\"_blank\" title=\"Reproducir en una nueva ventana\" onclick=\"return powerpress_pinw('https:\/\/fmtinkunaco.ar\/?powerpress_pinw=1771-podcast');\" rel=\"nofollow\">Reproducir en una nueva ventana<\/a> | <a href=\"https:\/\/archive.org\/download\/audioabelveneciamuniciexgralsarmiento19032020\/AUDIO%20-%20ABEL%20VENECIA%20-%20MUNICI%20EX%20GRAL%20SARMIENTO%2019%2003%202020.mp3\" class=\"powerpress_link_d\" title=\"Descargar\" rel=\"nofollow\" download=\"AUDIO%20-%20ABEL%20VENECIA%20-%20MUNICI%20EX%20GRAL%20SARMIENTO%2019%2003%202020.mp3\">Descargar<\/a><\/p>","protected":false},"excerpt":{"rendered":"<p>Los trabajadores y trabajadoras municipales de Malvinas Argentinas, San Miguel y Jos\u00e9. C. Paz, exigen mediante sindicato que los municipios aseguren las medidas necesarias de seguridad e higiene que les permita trabajar en este contexto de Emergencia Sanitaria como consecuencia del Coronavirus \u2013 COVID 19. Y que cumplan con las licencias a quienes forman parte [&hellip;]<\/p>\n","protected":false},"author":1,"featured_media":1772,"comment_status":"open","ping_status":"open","sticky":false,"template":"","format":"standard","meta":{"footnotes":""},"categories":[4,9],"tags":[135,481,486],"class_list":["post-1771","post","type-post","status-publish","format-standard","has-post-thumbnail","hentry","category-derechos-humanos","category-sociedad","tag-coronavirus","tag-trabajadores-municipales","tag-trabajo"],"_links":{"self":[{"href":"https:\/\/fmtinkunaco.ar\/index.php?rest_route=\/wp\/v2\/posts\/1771","targetHints":{"allow":["GET"]}}],"collection":[{"href":"https:\/\/fmtinkunaco.ar\/index.php?rest_route=\/wp\/v2\/posts"}],"about":[{"href":"https:\/\/fmtinkunaco.ar\/index.php?rest_route=\/wp\/v2\/types\/post"}],"author":[{"embeddable":true,"href":"https:\/\/fmtinkunaco.ar\/index.php?rest_route=\/wp\/v2\/users\/1"}],"replies":[{"embeddable":true,"href":"https:\/\/fmtinkunaco.ar\/index.php?rest_route=%2Fwp%2Fv2%2Fcomments&post=1771"}],"version-history":[{"count":0,"href":"https:\/\/fmtinkunaco.ar\/index.php?rest_route=\/wp\/v2\/posts\/1771\/revisions"}],"wp:featuredmedia":[{"embeddable":true,"href":"https:\/\/fmtinkunaco.ar\/index.php?rest_route=\/"}],"wp:attachment":[{"href":"https:\/\/fmtinkunaco.ar\/index.php?rest_route=%2Fwp%2Fv2%2Fmedia&parent=1771"}],"wp:term":[{"taxonomy":"category","embeddable":true,"href":"https:\/\/fmtinkunaco.ar\/index.php?rest_route=%2Fwp%2Fv2%2Fcategories&post=1771"},{"taxonomy":"post_tag","embeddable":true,"href":"https:\/\/fmtinkunaco.ar\/index.php?rest_route=%2Fwp%2Fv2%2Ftags&post=1771"}],"curies":[{"name":"wp","href":"https:\/\/api.w.org\/{rel}","templated":true}]}}