{"id":1775,"date":"2020-03-19T10:44:31","date_gmt":"2020-03-19T13:44:31","guid":{"rendered":"http:\/\/fmtinkunaco.com.ar\/?p=1775"},"modified":"2020-03-19T10:44:31","modified_gmt":"2020-03-19T13:44:31","slug":"tren-san-martin-el-servicio-unicamente-se-detiene-en-7-estaciones","status":"publish","type":"post","link":"https:\/\/fmtinkunaco.ar\/?p=1775","title":{"rendered":"Tren San Mart\u00edn: El servicio \u00fanicamente se detiene en 7 estaciones"},"content":{"rendered":"<p>Desde hoy, jueves 19 de marzo, las formaciones de la l\u00ednea ferroviaria San Mart\u00edn solo se detendr\u00e1 en las estaciones de Retiro, Palermo, S\u00e1enz Pe\u00f1a, Caseros, Hurlingham, Jos\u00e9 C. Paz y Pilar. El servicio a Cabred queda directamente suspendido.<br \/>\nEn nuestra regi\u00f3n ya no se podr\u00e1 utilizar el servicio en las estaciones de Astolfi, Derqui, Sol y Verde, San Miguel, Mu\u00f1iz ni Bella Vista.<\/p>\n<p>La medida se tom\u00f3 en el marco de las nuevas disposiciones para evitar el contagio del Coronavirus y en principio seria por dos semanas.<\/p>\n<p>En di\u00e1logo con el programa radial \u201cEncuentro con las Noticias\u201d, Alejandro Alvite, integrante del Movimiento Nacional Ferroviario y trabajador de la L\u00ednea San Mart\u00edn, se refiri\u00f3 a la situaci\u00f3n con la que se encontr\u00f3 esta madrugada, <em>\u201cEstamos con un servicio alterado, al que se le suman una serie de reclamos porque fue una medida que se tomo a \u00faltimo momento en el d\u00eda de ayer y que trae como consecuencia que no est\u00e1 bien organizada. Hoy se encuentran los guardas con que en los controles no les da la aptitud para circular con los trenes porque te hacen firmar una declaraci\u00f3n jurada como que no tomaste alcohol pero no te hacen el control de alcoholemia, los m\u00e9dicos que atienden no quieren firmarte la autorizaci\u00f3n, el aval para trabajar digamos, as\u00ed que eso tambi\u00e9n genero la cancelaci\u00f3n de numerosos trenes desde las 3 y media de la ma\u00f1ana\u201d.<\/em><\/p>\n<p>Alvite, adem\u00e1s, explic\u00f3 el por qu\u00e9 de la selecci\u00f3n de las 7 estaciones, <em>\u201cEs una medida, no est\u00e1 mal prevenir, pero son medidas que se toman un poquito apuradas y por lo general por gente que no se caracteriza por viajar en el medio de transporte p\u00fablico, entonces no conocen como se manejan. (\u2026) Se eligieron estaciones de intercambio, que son las estaciones donde podes combinar con otros medios o con otros ferrocarriles, lo que se busc\u00f3 fue eso y la verdad que es bastante apresurado tomar estas determinaciones sin el plazo de tiempo suficiente\u201d.<\/em><\/p>\n<p>Finalmente, Alejandro Alvite, remarc\u00f3 que hay un fuerte rumor de que esta medida ser\u00eda la antesala a una decisi\u00f3n m\u00e1s determinante, que ser\u00eda la suspensi\u00f3n de todos los servicios de transporte p\u00fablico, <em>\u201cAlgo que se est\u00e1 comentando, se est\u00e1 rumoreando pero cada vez con m\u00e1s intensidad es la posibilidad de que a trav\u00e9s de una reuni\u00f3n de gabinete de esta tarde o ma\u00f1ana se resuelva de forma definitiva la suspensi\u00f3n de los servicios de transporte p\u00fablico durante un lapso de tiempo\u201d.<\/em><\/p>\n<p>Compartimos la entrevista completa<\/p>\n<p><a href=\"https:\/\/archive.org\/details\/audioalejandroalvite19032020\">Descargar<\/a><\/p>\n<audio class=\"wp-audio-shortcode\" id=\"audio-1775-2\" preload=\"none\" style=\"width: 100%;\" controls=\"controls\"><source type=\"audio\/mpeg\" src=\"https:\/\/archive.org\/download\/audioalejandroalvite19032020\/AUDIO%20-%20ALEJANDRO%20ALVITE%2019%2003%202020.mp3?_=2\" \/><a href=\"https:\/\/archive.org\/download\/audioalejandroalvite19032020\/AUDIO%20-%20ALEJANDRO%20ALVITE%2019%2003%202020.mp3\">https:\/\/archive.org\/download\/audioalejandroalvite19032020\/AUDIO%20-%20ALEJANDRO%20ALVITE%2019%2003%202020.mp3<\/a><\/audio>\n<div class=\"powerpress_player\" id=\"powerpress_player_8840\"><audio class=\"wp-audio-shortcode\" id=\"audio-1775-1\" preload=\"none\" style=\"width: 100%;\" controls=\"controls\"><source type=\"audio\/mpeg\" src=\"https:\/\/archive.org\/download\/audioalejandroalvite19032020\/AUDIO%20-%20ALEJANDRO%20ALVITE%2019%2003%202020.mp3?_=1\" \/><a href=\"https:\/\/archive.org\/download\/audioalejandroalvite19032020\/AUDIO%20-%20ALEJANDRO%20ALVITE%2019%2003%202020.mp3\">https:\/\/archive.org\/download\/audioalejandroalvite19032020\/AUDIO%20-%20ALEJANDRO%20ALVITE%2019%2003%202020.mp3<\/a><\/audio><\/div><p class=\"powerpress_links powerpress_links_mp3\" style=\"margin-bottom: 1px !important;\">Podcast: <a href=\"https:\/\/archive.org\/download\/audioalejandroalvite19032020\/AUDIO%20-%20ALEJANDRO%20ALVITE%2019%2003%202020.mp3\" class=\"powerpress_link_pinw\" target=\"_blank\" title=\"Reproducir en una nueva ventana\" onclick=\"return powerpress_pinw('https:\/\/fmtinkunaco.ar\/?powerpress_pinw=1775-podcast');\" rel=\"nofollow\">Reproducir en una nueva ventana<\/a> | <a href=\"https:\/\/archive.org\/download\/audioalejandroalvite19032020\/AUDIO%20-%20ALEJANDRO%20ALVITE%2019%2003%202020.mp3\" class=\"powerpress_link_d\" title=\"Descargar\" rel=\"nofollow\" download=\"AUDIO%20-%20ALEJANDRO%20ALVITE%2019%2003%202020.mp3\">Descargar<\/a><\/p>","protected":false},"excerpt":{"rendered":"<p>Desde hoy, jueves 19 de marzo, las formaciones de la l\u00ednea ferroviaria San Mart\u00edn solo se detendr\u00e1 en las estaciones de Retiro, Palermo, S\u00e1enz Pe\u00f1a, Caseros, Hurlingham, Jos\u00e9 C. Paz y Pilar. El servicio a Cabred queda directamente suspendido. En nuestra regi\u00f3n ya no se podr\u00e1 utilizar el servicio en las estaciones de Astolfi, Derqui, [&hellip;]<\/p>\n","protected":false},"author":1,"featured_media":1778,"comment_status":"open","ping_status":"open","sticky":false,"template":"","format":"standard","meta":{"footnotes":""},"categories":[9],"tags":[135,486,488],"class_list":["post-1775","post","type-post","status-publish","format-standard","has-post-thumbnail","hentry","category-sociedad","tag-coronavirus","tag-trabajo","tag-tren-san-martin"],"_links":{"self":[{"href":"https:\/\/fmtinkunaco.ar\/index.php?rest_route=\/wp\/v2\/posts\/1775","targetHints":{"allow":["GET"]}}],"collection":[{"href":"https:\/\/fmtinkunaco.ar\/index.php?rest_route=\/wp\/v2\/posts"}],"about":[{"href":"https:\/\/fmtinkunaco.ar\/index.php?rest_route=\/wp\/v2\/types\/post"}],"author":[{"embeddable":true,"href":"https:\/\/fmtinkunaco.ar\/index.php?rest_route=\/wp\/v2\/users\/1"}],"replies":[{"embeddable":true,"href":"https:\/\/fmtinkunaco.ar\/index.php?rest_route=%2Fwp%2Fv2%2Fcomments&post=1775"}],"version-history":[{"count":0,"href":"https:\/\/fmtinkunaco.ar\/index.php?rest_route=\/wp\/v2\/posts\/1775\/revisions"}],"wp:featuredmedia":[{"embeddable":true,"href":"https:\/\/fmtinkunaco.ar\/index.php?rest_route=\/"}],"wp:attachment":[{"href":"https:\/\/fmtinkunaco.ar\/index.php?rest_route=%2Fwp%2Fv2%2Fmedia&parent=1775"}],"wp:term":[{"taxonomy":"category","embeddable":true,"href":"https:\/\/fmtinkunaco.ar\/index.php?rest_route=%2Fwp%2Fv2%2Fcategories&post=1775"},{"taxonomy":"post_tag","embeddable":true,"href":"https:\/\/fmtinkunaco.ar\/index.php?rest_route=%2Fwp%2Fv2%2Ftags&post=1775"}],"curies":[{"name":"wp","href":"https:\/\/api.w.org\/{rel}","templated":true}]}}