{"id":1782,"date":"2020-03-19T17:41:36","date_gmt":"2020-03-19T20:41:36","guid":{"rendered":"http:\/\/fmtinkunaco.com.ar\/?p=1782"},"modified":"2020-03-19T17:41:36","modified_gmt":"2020-03-19T20:41:36","slug":"el-municipio-de-jose-c-paz-realiza-despidos-masivos-en-orquesta-sinfonica-municipal-en-plena-emergencia-sanitaria","status":"publish","type":"post","link":"https:\/\/fmtinkunaco.ar\/?p=1782","title":{"rendered":"El Municipio de Jos\u00e9 C. Paz realiza despidos masivos en Orquesta Sinf\u00f3nica Municipal en plena emergencia sanitaria"},"content":{"rendered":"<p style=\"text-align: justify\">La Orquesta Sinf\u00f3nica Municipal de Jos\u00e9 C. Paz se caracteriza por recorrer los barrios, escuelas y organizaciones de todo el distrito llevando m\u00fasica y propuestas did\u00e1cticas a toda la comunidad en forma gratuita. Much\u00edsimas familias conocieron por primera vez una Orquesta y disrutaron de un concierto gracias a las propuestas que se fueron generando en los casi 10 a\u00f1os de trabajo.<\/p>\n<p style=\"text-align: justify\">El primer concierto de este a\u00f1o estaba previsto para el 14 de febrero y se iba a realizar solidariamente en apoyo a nuestra radio comunitaria. Es un organismo estable sin precedentes en la regi\u00f3n y de excelencia. Por eso manifestamos nuestro repudio a la decisi\u00f3n del Municipio de Jos\u00e9 C. Paz de despedir masivamente y en tiempos de crisis general a quienes la integran con enorme cari\u00f1o y compromiso.<\/p>\n<p style=\"text-align: justify\">\u201cUna vez m\u00e1s golpeando a la cultura. Una vez m\u00e1s golpeando a los trabajadores. En plena emergencia sanitaria, en pleno proceso de cuarentena, quedan 40 familias sin trabajo, sin obra social. \u00a1Qu\u00e9 se revierta esto ya!\u201d denunci\u00f3 la Directora de la Orquesta Clara Parodi.<\/p>\n<p style=\"text-align: justify\">En los \u00faltimos d\u00edas, y luego de suspendidas todas las actividades culturales por la pandemia del Coronavirus, la Orquesta hab\u00eda comenzado a subir videos did\u00e1cticos a las redes \u00a0sociales para mantener el contacto con la comunidad. Pero sin dudas no esperaban tremenda noticia como el despido de 40 integrantes, 40 familias que se quedan este ingreso en medio de una crisis generalizada.<\/p>\n<p style=\"text-align: justify\">Compartimos el comunicado de quienes integran la Orquesta Sinf\u00f3nica Municipal:<\/p>\n<p style=\"text-align: justify\">\u00a1NOS DESPIDEN Y CIERRAN LA ORQUESTA MUNICIPAL DE JOSE C. PAZ EN PLENA EMERGENCIA SANITARIA!<\/p>\n<p style=\"text-align: justify\">La Orquesta Municipal de Jos\u00e9 C. Paz con sus de 41 m\u00fasicos hace 9 a\u00f1os (6 como organismo oficial), siendo la primera y \u00fanica orquesta estable y profesional de la regi\u00f3n trabaja por y para la comunidad Pace\u00f1a llevando m\u00fasica a cada rinc\u00f3n de Jose C. Paz. De la mano de la Directora, Mtra Clara Parodi, ofrece producciones musicales de nivel, desde conciertos en el teatro municipal hasta conciertos en los barrios m\u00e1s comprometidos de la regi\u00f3n, trabajando en conjunto con inspecci\u00f3n de art\u00edstica, brindando materiales y conciertos did\u00e1cticos para todos los niveles de la educaci\u00f3n. Adem\u00e1s ha hecho presentaciones en salas importantes del pa\u00eds y pa\u00edses vecinos, junto a solistas de gran trayectoria, difundiendo y estrenando obras de nuevos compositores.<\/p>\n<p style=\"text-align: justify\">Durante la reciente reuni\u00f3n oficial con el jefe de gobierno Claudio Perez, del d\u00eda 19\/03\/2020, se comunic\u00f3 a los trabajadores de la orquesta la decisi\u00f3n de que NOS DIERON DE BAJA, NOS ECHARON DE NUESTRO TRABAJO.<\/p>\n<p style=\"text-align: justify\">El intendente Ishii y la Secretaria de gobierno de Jos\u00e9 C. Paz, han tomado la determinaci\u00f3n (en un marco de ajuste) en el desafortunado escenario de una emergencia sanitaria, en el cual es casi imposible salir a conseguir otro trabajo para llegar a fin de mes, de dejar en la calle a 41 familias, sin la posibilidad de acceder a una obra social, en estos momentos, algo fundamental en la vida cotidiana.<\/p>\n<p style=\"text-align: justify\">Los integrantes de Orquesta nos encontramos con mucha tristeza, indignaci\u00f3n y bronca por esta situaci\u00f3n tan grave que el Municipio de Jos\u00e9 C. Paz ha tomado.<\/p>\n<p style=\"text-align: justify\">Nuestra continuidad depende de toda la gente. Por eso apelamos a su solidaridad, difundiendo, compartiendo este mensaje con la mayor cantidad de personas que se pueda, etiquetando y mencionando a las autoridades responsables de esta acci\u00f3n de ajuste y vaciamiento cultural.<\/p>\n<p style=\"text-align: justify\">La Orquesta es del pueblo pace\u00f1o, con tu ayuda, podemos salvarla.<\/p>\n<p style=\"text-align: justify\">#SiALaOrquestaMunicipaldeJCP<\/p>\n<p style=\"text-align: justify\">#NoAlCierredelaOrquesta<\/p>\n<p style=\"text-align: justify\">#QueLaOrquestaSigaTocando<\/p>\n<p style=\"text-align: justify\">#QueSeEscucheLaOrquesta<\/p>\n<p style=\"text-align: justify\">#BastadeDespidos<\/p>\n","protected":false},"excerpt":{"rendered":"<p>La Orquesta Sinf\u00f3nica Municipal de Jos\u00e9 C. Paz se caracteriza por recorrer los barrios, escuelas y organizaciones de todo el distrito llevando m\u00fasica y propuestas did\u00e1cticas a toda la comunidad en forma gratuita. Much\u00edsimas familias conocieron por primera vez una Orquesta y disrutaron de un concierto gracias a las propuestas que se fueron generando en [&hellip;]<\/p>\n","protected":false},"author":1,"featured_media":1783,"comment_status":"open","ping_status":"open","sticky":false,"template":"","format":"standard","meta":{"footnotes":""},"categories":[3,9],"tags":[368],"class_list":["post-1782","post","type-post","status-publish","format-standard","has-post-thumbnail","hentry","category-cultura","category-sociedad","tag-orquesta-municipal-jose-c-paz"],"_links":{"self":[{"href":"https:\/\/fmtinkunaco.ar\/index.php?rest_route=\/wp\/v2\/posts\/1782","targetHints":{"allow":["GET"]}}],"collection":[{"href":"https:\/\/fmtinkunaco.ar\/index.php?rest_route=\/wp\/v2\/posts"}],"about":[{"href":"https:\/\/fmtinkunaco.ar\/index.php?rest_route=\/wp\/v2\/types\/post"}],"author":[{"embeddable":true,"href":"https:\/\/fmtinkunaco.ar\/index.php?rest_route=\/wp\/v2\/users\/1"}],"replies":[{"embeddable":true,"href":"https:\/\/fmtinkunaco.ar\/index.php?rest_route=%2Fwp%2Fv2%2Fcomments&post=1782"}],"version-history":[{"count":0,"href":"https:\/\/fmtinkunaco.ar\/index.php?rest_route=\/wp\/v2\/posts\/1782\/revisions"}],"wp:featuredmedia":[{"embeddable":true,"href":"https:\/\/fmtinkunaco.ar\/index.php?rest_route=\/"}],"wp:attachment":[{"href":"https:\/\/fmtinkunaco.ar\/index.php?rest_route=%2Fwp%2Fv2%2Fmedia&parent=1782"}],"wp:term":[{"taxonomy":"category","embeddable":true,"href":"https:\/\/fmtinkunaco.ar\/index.php?rest_route=%2Fwp%2Fv2%2Fcategories&post=1782"},{"taxonomy":"post_tag","embeddable":true,"href":"https:\/\/fmtinkunaco.ar\/index.php?rest_route=%2Fwp%2Fv2%2Ftags&post=1782"}],"curies":[{"name":"wp","href":"https:\/\/api.w.org\/{rel}","templated":true}]}}