{"id":1785,"date":"2020-04-01T13:17:30","date_gmt":"2020-04-01T16:17:30","guid":{"rendered":"http:\/\/fmtinkunaco.com.ar\/?p=1785"},"modified":"2020-04-01T13:17:30","modified_gmt":"2020-04-01T16:17:30","slug":"la-asamblea-no-al-cierre-de-las-salitas-exige-protocolo-por-parte-del-municipio-de-jose-c-paz","status":"publish","type":"post","link":"https:\/\/fmtinkunaco.ar\/?p=1785","title":{"rendered":"La Asamblea No al cierre de las salitas exige protocolo por parte del Municipio de Jos\u00e9. C. Paz"},"content":{"rendered":"<p>En el marco de la Emergencia Sanitaria declarada en el pa\u00eds, a ra\u00edz de la propagaci\u00f3n mundial del COVID \u2013 19, los vecinos y vecinas integrantes de la Asamblea No al cierre de las salitas de Jos\u00e9. C. Paz contin\u00faan denunciando el estado de la salud local en el partido pace\u00f1o y el vaciamiento sistem\u00e1tico de la misma.<\/p>\n<p>Hace 4 a\u00f1os, la asamblea denuncia la grave situaci\u00f3n en particular de los Centros de Atenci\u00f3n Primaria de la Salud que se contin\u00faan agudizando en este contexto.<\/p>\n<p>En di\u00e1logo con el programa radial \u201cEncuentro con las Noticias\u201d, Marcelo Ochoa, intregrante de la Asamblea, remarca la poca informaci\u00f3n que brinda el municipio de Jos\u00e9. C. Paz sobre el Coronavirus, <em>\u201cLo que tenemos disponible son las placas que se publican a trav\u00e9s de la redes, que dicen que en Jos\u00e9. C. Paz no hay ningun caso confirmado de COVID \u2013 19 y llama poderosamente la atenci\u00f3n porque mientras municipios vecinos, San Miguel, Malvinas, Moreno, y hasta Pilar ya tienen identificados casos y Jos\u00e9. C. Paz es el unico que no y esta rodeado de estos municipios. Y adem\u00e1s si uno analiza el componente poblacional, nosotros tenemos muchas vecinas y vecinos que vienen de paises limitrofes y que han venido de paises donde prolifera el contagio de COVID \u2013 19 entonces es muy sospechoso, ojala esto se este trabajando y esto sea as\u00ed\u201d<\/em>.<\/p>\n<p>En las \u00faltimas horas, se difundi\u00f3 un v\u00eddeo del Intendente Mario Ishii, donde comunica a los vecinos en la vereda de Acci\u00f3n Social que se estima que en el partido habr\u00e1 entre 4 mil y 5 mil contagiados de Coronavirus; frente a esto Ochoa remarca la irresponsabilidad de arrojar estos n\u00fameros, <em>\u201cHay una falta de precisi\u00f3n en lo que comunica que es un problema por donde lo veamos, primero porque es el funcionario de maxima responsabilidad en nuestro municipio y lo que deberia llevar es tranquilidad y citar la fuente, maneja informacion que no ha sido publicada oficiakmente ni abiertamente a la poblaci\u00f3n, y lo dice en un contexto donde la gente esta yendo a reclamar algo que es b\u00e1sico, que es comida, para sostener el d\u00eda a d\u00eda\u201d<\/em>.<\/p>\n<p>Finalmente, Marcelo Ochoa, llama a trabajar en red a las diferentes organizciones territoriales para evitar n\u00fameros alarmantes, <em>\u201cMe parece que hay que hacer una convocatoria amplia a todos los sectores sociales de Jos\u00e9. C. Paz para que conjuntamente, de manera articulada, se trabaje para en todo caso evitar tantas muertes\u201d<\/em>.<\/p>\n","protected":false},"excerpt":{"rendered":"<p>En el marco de la Emergencia Sanitaria declarada en el pa\u00eds, a ra\u00edz de la propagaci\u00f3n mundial del COVID \u2013 19, los vecinos y vecinas integrantes de la Asamblea No al cierre de las salitas de Jos\u00e9. C. Paz contin\u00faan denunciando el estado de la salud local en el partido pace\u00f1o y el vaciamiento sistem\u00e1tico [&hellip;]<\/p>\n","protected":false},"author":1,"featured_media":1786,"comment_status":"open","ping_status":"open","sticky":false,"template":"","format":"standard","meta":{"footnotes":""},"categories":[7],"tags":[135,266,442],"class_list":["post-1785","post","type-post","status-publish","format-standard","has-post-thumbnail","hentry","category-salud","tag-coronavirus","tag-jose-c-paz","tag-salud"],"_links":{"self":[{"href":"https:\/\/fmtinkunaco.ar\/index.php?rest_route=\/wp\/v2\/posts\/1785","targetHints":{"allow":["GET"]}}],"collection":[{"href":"https:\/\/fmtinkunaco.ar\/index.php?rest_route=\/wp\/v2\/posts"}],"about":[{"href":"https:\/\/fmtinkunaco.ar\/index.php?rest_route=\/wp\/v2\/types\/post"}],"author":[{"embeddable":true,"href":"https:\/\/fmtinkunaco.ar\/index.php?rest_route=\/wp\/v2\/users\/1"}],"replies":[{"embeddable":true,"href":"https:\/\/fmtinkunaco.ar\/index.php?rest_route=%2Fwp%2Fv2%2Fcomments&post=1785"}],"version-history":[{"count":0,"href":"https:\/\/fmtinkunaco.ar\/index.php?rest_route=\/wp\/v2\/posts\/1785\/revisions"}],"wp:featuredmedia":[{"embeddable":true,"href":"https:\/\/fmtinkunaco.ar\/index.php?rest_route=\/"}],"wp:attachment":[{"href":"https:\/\/fmtinkunaco.ar\/index.php?rest_route=%2Fwp%2Fv2%2Fmedia&parent=1785"}],"wp:term":[{"taxonomy":"category","embeddable":true,"href":"https:\/\/fmtinkunaco.ar\/index.php?rest_route=%2Fwp%2Fv2%2Fcategories&post=1785"},{"taxonomy":"post_tag","embeddable":true,"href":"https:\/\/fmtinkunaco.ar\/index.php?rest_route=%2Fwp%2Fv2%2Ftags&post=1785"}],"curies":[{"name":"wp","href":"https:\/\/api.w.org\/{rel}","templated":true}]}}