{"id":1788,"date":"2020-04-01T14:22:52","date_gmt":"2020-04-01T17:22:52","guid":{"rendered":"http:\/\/fmtinkunaco.com.ar\/?p=1788"},"modified":"2020-04-01T14:22:52","modified_gmt":"2020-04-01T17:22:52","slug":"tren-san-martin-los-servicios-andan-con-el-cronograma-de-domingos-y-feriados","status":"publish","type":"post","link":"https:\/\/fmtinkunaco.ar\/?p=1788","title":{"rendered":"Tren San Mart\u00edn: Los servicios andan con el cronograma de domingos y feriados"},"content":{"rendered":"<p>En el marco del Decreto de Aislamiento Social, Preventivo y Obligatorio el Tren San Mart\u00edn funciona con el cronograma de domingos y feriados, con unicamente el n\u00famero de trabajadores y trabajadoras imprescindible para mantener los servicios.<\/p>\n<p>En di\u00e1logo con el programa radial \u201cEncuentro con las Noticias\u201d, Alejandro Alvite, integrante del Movimiento Nacional Ferroviario, se refiri\u00f3 al funcionamiento del servicio de trenes de la L\u00ednea San Mart\u00edn en el marco del Aislamiento Social Preventivo y Obligatorio, <em>\u201cPor ahora los servicios siguen condicionados, los trabajadores ferroviarios est\u00e1n reducidos al m\u00ednimo imprescindible en lo que tiene que ver con la circulaci\u00f3n de trenes; los dem\u00e1s sectores est\u00e1n pr\u00e1cticamente sin venir a trabajar, reducidos a la m\u00ednima expresi\u00f3n. Por ejemplo, el caso de evasi\u00f3n, el caso de boleter\u00eda. Esta m\u00e1s bien priorizado lo que tiene que ver con la necesidad indispensable, para que circulen los trenes, el resto se va manteniendo en esta prevenci\u00f3n que tiene que ver con quedarse en casa\u201d<\/em>.<\/p>\n<p>Adem\u00e1s, Alejandro Alvite, remarc\u00f3 que la empresa brind\u00f3 los m\u00ednimos cuidados a parte del personal mientras que los trabajadores de conducci\u00f3n, realizan la limpieza del espacio de trabajo con art\u00edculos que ellos mismos llevan de sus casas, <em>\u201cLo que tiene que ver con los que tienen el contacto m\u00e1s directo con los pasajeros, son los guardas y el personal directamente de estaci\u00f3n, les est\u00e1n dando guantes y barbijos. Lo que pasa es que los barbijos tienen una duraci\u00f3n \u00fatil de acuerdo a las convenciones internacionales de c\u00f3mo se fabrica, de 3 horas y les est\u00e1n dando uno por turno y a veces les dicen que la reposici\u00f3n va a ser reci\u00e9n cuando se rompan, lo que hace que no sea muy eficaz ese cuidado. Por parte del personal de conducci\u00f3n, no nos dan nada de eso. Nosotros nos encargamos de la limpieza de las locomotoras, utilizamos art\u00edculos de limpieza propios, lavandina que llevamos nosotros pero hasta ahora no se ha provisto de nada de eso\u201d<\/em>.<\/p>\n<p>Este modo de funcionamiento se mantendr\u00e1 hasta la finalizaci\u00f3n de la cuarentena obligatoria.<\/p>\n","protected":false},"excerpt":{"rendered":"<p>En el marco del Decreto de Aislamiento Social, Preventivo y Obligatorio el Tren San Mart\u00edn funciona con el cronograma de domingos y feriados, con unicamente el n\u00famero de trabajadores y trabajadoras imprescindible para mantener los servicios. En di\u00e1logo con el programa radial \u201cEncuentro con las Noticias\u201d, Alejandro Alvite, integrante del Movimiento Nacional Ferroviario, se refiri\u00f3 [&hellip;]<\/p>\n","protected":false},"author":1,"featured_media":1789,"comment_status":"open","ping_status":"open","sticky":false,"template":"","format":"standard","meta":{"footnotes":""},"categories":[9],"tags":[135,488],"class_list":["post-1788","post","type-post","status-publish","format-standard","has-post-thumbnail","hentry","category-sociedad","tag-coronavirus","tag-tren-san-martin"],"_links":{"self":[{"href":"https:\/\/fmtinkunaco.ar\/index.php?rest_route=\/wp\/v2\/posts\/1788","targetHints":{"allow":["GET"]}}],"collection":[{"href":"https:\/\/fmtinkunaco.ar\/index.php?rest_route=\/wp\/v2\/posts"}],"about":[{"href":"https:\/\/fmtinkunaco.ar\/index.php?rest_route=\/wp\/v2\/types\/post"}],"author":[{"embeddable":true,"href":"https:\/\/fmtinkunaco.ar\/index.php?rest_route=\/wp\/v2\/users\/1"}],"replies":[{"embeddable":true,"href":"https:\/\/fmtinkunaco.ar\/index.php?rest_route=%2Fwp%2Fv2%2Fcomments&post=1788"}],"version-history":[{"count":0,"href":"https:\/\/fmtinkunaco.ar\/index.php?rest_route=\/wp\/v2\/posts\/1788\/revisions"}],"wp:featuredmedia":[{"embeddable":true,"href":"https:\/\/fmtinkunaco.ar\/index.php?rest_route=\/"}],"wp:attachment":[{"href":"https:\/\/fmtinkunaco.ar\/index.php?rest_route=%2Fwp%2Fv2%2Fmedia&parent=1788"}],"wp:term":[{"taxonomy":"category","embeddable":true,"href":"https:\/\/fmtinkunaco.ar\/index.php?rest_route=%2Fwp%2Fv2%2Fcategories&post=1788"},{"taxonomy":"post_tag","embeddable":true,"href":"https:\/\/fmtinkunaco.ar\/index.php?rest_route=%2Fwp%2Fv2%2Ftags&post=1788"}],"curies":[{"name":"wp","href":"https:\/\/api.w.org\/{rel}","templated":true}]}}