{"id":1795,"date":"2020-04-02T10:59:27","date_gmt":"2020-04-02T13:59:27","guid":{"rendered":"http:\/\/fmtinkunaco.com.ar\/?p=1795"},"modified":"2020-04-02T10:59:27","modified_gmt":"2020-04-02T13:59:27","slug":"la-orquesta-municipal-de-jose-c-paz-denuncia-41-despidos","status":"publish","type":"post","link":"https:\/\/fmtinkunaco.ar\/?p=1795","title":{"rendered":"La Orquesta Municipal de Jos\u00e9. C. Paz denuncia 41 despidos"},"content":{"rendered":"<p>La Orquesta Sinf\u00f3nica Municipal de Jos\u00e9. C. Paz se encuentra denunciando 41 despidos de sus m\u00fasicos y m\u00fasicas y, por consiguiente, el cierre de la misma.<\/p>\n<p>El Intendente pace\u00f1o Mario Alberto Ishii y el Secretario de Gobierno Claudio Perez tomaron la decisi\u00f3n de, en plena emergencia sanitaria, dejar sin ning\u00fan tipo de ingreso a 41 familias.<\/p>\n<p>En di\u00e1logo con el programa radial \u201cEncuentro con las Noticias\u201d, Clara Parodi, Directora de la Orquesta Municipal de Jos\u00e9. C. Paz, se refiri\u00f3 a la situaci\u00f3n, <em>\u201cLa verdad que es un momento bastante complejo que estamos atravesando, primero que el echo de perder la fuente de trabajo es terrible y m\u00e1s en este contexto que no hay otra forma de c\u00f3mo salir y c\u00f3mo estirar un poquito para poder llegar a fin de mes, es como que se van sumando cosas. No percibir el mes que se trabajo, que el d\u00eda despu\u00e9s de la liquidaci\u00f3n se te comunique que no vas a cobrar el mes que trabajaste, eso se tiene que avisar antes para realizar una negociaci\u00f3n\u201d<\/em>.<\/p>\n<p>Adem\u00e1s, Parodi, remarc\u00f3 que la propuesta de las autoridades fue que la orquesta se quede, \u00fanicamente, con 6 integrantes, <em>\u201cLa verdad no tuvimos respuesta alguna, la propuesta que ellos nos dieron de forma \u00fanica y la cual no aceptamos, es que sean 6 m\u00fasicos y haya una modificaci\u00f3n y un incremento del sueldo de quienes qued\u00e1bamos\u00a0y a nosotros no nos parece correcto\u201d<\/em>.<\/p>\n<p>Ante la falta de respuestas, el cuerpo de la orquesta invita a la comunidad a firmar un petitorio por la vuelta de la orquesta.<\/p>\n","protected":false},"excerpt":{"rendered":"<p>La Orquesta Sinf\u00f3nica Municipal de Jos\u00e9. C. Paz se encuentra denunciando 41 despidos de sus m\u00fasicos y m\u00fasicas y, por consiguiente, el cierre de la misma. El Intendente pace\u00f1o Mario Alberto Ishii y el Secretario de Gobierno Claudio Perez tomaron la decisi\u00f3n de, en plena emergencia sanitaria, dejar sin ning\u00fan tipo de ingreso a 41 [&hellip;]<\/p>\n","protected":false},"author":1,"featured_media":1796,"comment_status":"open","ping_status":"open","sticky":false,"template":"","format":"standard","meta":{"footnotes":""},"categories":[3,4],"tags":[368],"class_list":["post-1795","post","type-post","status-publish","format-standard","has-post-thumbnail","hentry","category-cultura","category-derechos-humanos","tag-orquesta-municipal-jose-c-paz"],"_links":{"self":[{"href":"https:\/\/fmtinkunaco.ar\/index.php?rest_route=\/wp\/v2\/posts\/1795","targetHints":{"allow":["GET"]}}],"collection":[{"href":"https:\/\/fmtinkunaco.ar\/index.php?rest_route=\/wp\/v2\/posts"}],"about":[{"href":"https:\/\/fmtinkunaco.ar\/index.php?rest_route=\/wp\/v2\/types\/post"}],"author":[{"embeddable":true,"href":"https:\/\/fmtinkunaco.ar\/index.php?rest_route=\/wp\/v2\/users\/1"}],"replies":[{"embeddable":true,"href":"https:\/\/fmtinkunaco.ar\/index.php?rest_route=%2Fwp%2Fv2%2Fcomments&post=1795"}],"version-history":[{"count":0,"href":"https:\/\/fmtinkunaco.ar\/index.php?rest_route=\/wp\/v2\/posts\/1795\/revisions"}],"wp:featuredmedia":[{"embeddable":true,"href":"https:\/\/fmtinkunaco.ar\/index.php?rest_route=\/"}],"wp:attachment":[{"href":"https:\/\/fmtinkunaco.ar\/index.php?rest_route=%2Fwp%2Fv2%2Fmedia&parent=1795"}],"wp:term":[{"taxonomy":"category","embeddable":true,"href":"https:\/\/fmtinkunaco.ar\/index.php?rest_route=%2Fwp%2Fv2%2Fcategories&post=1795"},{"taxonomy":"post_tag","embeddable":true,"href":"https:\/\/fmtinkunaco.ar\/index.php?rest_route=%2Fwp%2Fv2%2Ftags&post=1795"}],"curies":[{"name":"wp","href":"https:\/\/api.w.org\/{rel}","templated":true}]}}