{"id":1798,"date":"2020-04-02T12:17:37","date_gmt":"2020-04-02T15:17:37","guid":{"rendered":"http:\/\/fmtinkunaco.com.ar\/?p=1798"},"modified":"2020-04-02T12:17:37","modified_gmt":"2020-04-02T15:17:37","slug":"2-de-abril-para-nosotros-malvinas-es-las-24-horas-del-dia-los-365-dias-del-ano","status":"publish","type":"post","link":"https:\/\/fmtinkunaco.ar\/?p=1798","title":{"rendered":"2 de abril: \u201cPara nosotros Malvinas es las 24 horas del d\u00eda, los 365 d\u00edas del a\u00f1o\u201d"},"content":{"rendered":"<p>A 38 a\u00f1os del inicio de la Guerra de Malvinas, y a ra\u00edz de la cuarentena obligatoria, se realizan homenajes virtuales a los Veteranos y Ca\u00eddos en combate.<\/p>\n<p>Bomberos, Polic\u00edas y diferentes organizaciones se han sumado desde los primeros minutos del d\u00eda de hoy al homenaje.<\/p>\n<p>En di\u00e1logo con el programa radial \u201cEncuentro con las Noticias\u201d, Jos\u00e9 Vega, Presidente del Centro de Ex Combatientes de Jos\u00e9. C. Paz, se refiri\u00f3 a est\u00e1 iniciativa, <em>\u201cLa Orquesta Municipal de Jos\u00e9. C. Paz, tuvo la iniciativa de hacer una vigilia virtual donde pudimos escuchar el toque de silencio, pudimos cantar el himno nacional desde nuestros hogares, en forma virtual comunicados entre nosotros tambi\u00e9n. Bomberos Voluntarios de Jos\u00e9. C. Paz, a las doce de la noche, hizo sonar su sirena en homenaje a nuestros H\u00e9roes, a nuestros verdaderos H\u00e9roes que son los que realmente custodian nuestras Islas. La policia hizo sonar las sirenas de los patrulleros, la verdad que fue una noche muy emotiva desde nuestro lugar, desde nuestros hogares, colgando nuestras banderas en las puertas, pudimos de alguna manera homenajear a nuestros H\u00e9roes de Malvinas para que la causa no se olvid\u00e9\u201d<\/em>.<\/p>\n<p>Los Veteranos pace\u00f1os tienen un espacio f\u00edsico ubicado en Arregui 300, Jos\u00e9. C. Paz, abierto a la comunidad; en el mismo se reciben visitas de los colegios, se puede recorrer el museo y escuchar los testimonios de los Veteranos.<\/p>\n<p>Por otro lado, Vega, hizo referencia a la lucha que como Veteranos llevan adelante cada d\u00eda,<em> \u201cLa deuda que nosotros sentimos es la falta de malvinizaci\u00f3n, ahora por ah\u00ed se le presta un poco m\u00e1s de atenci\u00f3n a la causa de Malvinas, en cuanto al pueblo; o sea sin culpar al pueblo, el pueblo estuvo mucho tiempo en la desmalvinizaci\u00f3n. Pero es un trabajo que por ah\u00ed no lo hacen los gobiernos, lo hace el Veterano; todo lo que sea un reconocimiento del gobierno, en cuanto al Veterano, fue todo a trav\u00e9s de la lucha, nunca fue gratis, nunca fue algo que nos venga porque nos corresponde. No s\u00e9 cu\u00e1l ser\u00eda puntualmente la deuda, lo que s\u00ed puedo decir es por ah\u00ed la lucha sobre la Soberan\u00eda, tener presente la soberan\u00eda de las Malvinas, nosotros ya hicimos nuestra parte. (\u2026) Para nosotros Malvinas es las 24 horas del d\u00eda, los 365 d\u00edas del a\u00f1o\u201d<\/em>.<\/p>\n","protected":false},"excerpt":{"rendered":"<p>A 38 a\u00f1os del inicio de la Guerra de Malvinas, y a ra\u00edz de la cuarentena obligatoria, se realizan homenajes virtuales a los Veteranos y Ca\u00eddos en combate. Bomberos, Polic\u00edas y diferentes organizaciones se han sumado desde los primeros minutos del d\u00eda de hoy al homenaje. En di\u00e1logo con el programa radial \u201cEncuentro con las [&hellip;]<\/p>\n","protected":false},"author":1,"featured_media":1799,"comment_status":"open","ping_status":"open","sticky":false,"template":"","format":"standard","meta":{"footnotes":""},"categories":[4,9],"tags":[294,514],"class_list":["post-1798","post","type-post","status-publish","format-standard","has-post-thumbnail","hentry","category-derechos-humanos","category-sociedad","tag-malvinas-argentinas","tag-veteranos"],"_links":{"self":[{"href":"https:\/\/fmtinkunaco.ar\/index.php?rest_route=\/wp\/v2\/posts\/1798","targetHints":{"allow":["GET"]}}],"collection":[{"href":"https:\/\/fmtinkunaco.ar\/index.php?rest_route=\/wp\/v2\/posts"}],"about":[{"href":"https:\/\/fmtinkunaco.ar\/index.php?rest_route=\/wp\/v2\/types\/post"}],"author":[{"embeddable":true,"href":"https:\/\/fmtinkunaco.ar\/index.php?rest_route=\/wp\/v2\/users\/1"}],"replies":[{"embeddable":true,"href":"https:\/\/fmtinkunaco.ar\/index.php?rest_route=%2Fwp%2Fv2%2Fcomments&post=1798"}],"version-history":[{"count":0,"href":"https:\/\/fmtinkunaco.ar\/index.php?rest_route=\/wp\/v2\/posts\/1798\/revisions"}],"wp:featuredmedia":[{"embeddable":true,"href":"https:\/\/fmtinkunaco.ar\/index.php?rest_route=\/"}],"wp:attachment":[{"href":"https:\/\/fmtinkunaco.ar\/index.php?rest_route=%2Fwp%2Fv2%2Fmedia&parent=1798"}],"wp:term":[{"taxonomy":"category","embeddable":true,"href":"https:\/\/fmtinkunaco.ar\/index.php?rest_route=%2Fwp%2Fv2%2Fcategories&post=1798"},{"taxonomy":"post_tag","embeddable":true,"href":"https:\/\/fmtinkunaco.ar\/index.php?rest_route=%2Fwp%2Fv2%2Ftags&post=1798"}],"curies":[{"name":"wp","href":"https:\/\/api.w.org\/{rel}","templated":true}]}}