{"id":1801,"date":"2020-04-03T12:30:49","date_gmt":"2020-04-03T15:30:49","guid":{"rendered":"http:\/\/fmtinkunaco.com.ar\/?p=1801"},"modified":"2020-04-03T12:30:49","modified_gmt":"2020-04-03T15:30:49","slug":"pilar-reorganizacion-del-sistema-de-salud-por-el-covid-19","status":"publish","type":"post","link":"https:\/\/fmtinkunaco.ar\/?p=1801","title":{"rendered":"Pilar: Reorganizaci\u00f3n del Sistema de Salud por el COVID \u2013 19"},"content":{"rendered":"<p>En el marco de la Emergencia Sanitaria decretada a nivel nacional, el Municipio de Pilar ha reorganizado el sistema de salud con el objetivo de prevenir la propagaci\u00f3n del COVID \u2013 19 y de dar respuesta inmediata a los casos positivos de Coronavirus.<\/p>\n<p>En di\u00e1logo con el programa radial \u201cEncuentro con las Noticias\u201d, Juan Pablo Rold\u00e1n, Concejal de Pilar por el Frente de Todos, se refiri\u00f3 a los principales rasgos de esta reorganizaci\u00f3n, <em>\u201cEn base a la pandemia que va a afectar y est\u00e1 afectando al mundo, y que obviamente ya comenz\u00f3 en la Argentina, Pilar tiene un enfasis especial por la gran cantidad de vecinos que han estado en el exterior, por tal motivo es uno de los distritos de Zona Norte o de la provincia misma que mayores casos de positivo ha tenido y por esto, el Intendente ha destinado todos los recursos y todo el recurso humano del municipio al sistema sanitario.<\/em><br \/>\n<em> En esa linea, se ha reorganizado el sistema de salud, se han implementado lugares posta de Triage para identificar y diferenciar el paciente con fiebre, asintom\u00e1tico posibles casos de coronavirus y que no vayan directamente al hospital central Sanguinetti, tratando de evitar el contagio masivo en los hospitales\u201d<\/em>.<\/p>\n<p>Rold\u00e1n, adem\u00e1s, explic\u00f3 que los Centros de Atenci\u00f3n Primaria de la Salud (CAPS) han sido abastecidos de los insumos necesarios y el personal de los mismos ha recibido las primeras capacitaciones, <em>\u201cEn esta reorganizaci\u00f3n los centros de salud reciben much\u00edsima demanda de nuestra comunidad, por tal motivo ayer hemos tenido la primera capacitaci\u00f3n en manejo de pacientes de COVID con los cuidados esenciales, la entrega de los insumos; cada uno de los CAPS tiene los insumos necesarios para hacer el diagnostico diferencial y la atenci\u00f3n del paciente COVID, cuidando al personal sanitario\u201d<\/em>.<\/p>\n<p>Actualmente, el partido de Pilar cuenta con el funcionamiento de 4 Triage, postas que permiten el r\u00e1pido diagnostico de casos positivos y en paralelo con espacios, ya condicionados, donde se tratar\u00edan los positivos de COVID \u2013 19; el Hospital Materno Infantil Hugo Meisner, el Hospital Sanguinetti, el centro de atenci\u00f3n Uni Derqui se encuentra con las \u00faltimas refacciones. Por otro lado, quienes tengan coronavirus con s\u00edntomas menores pero con la necesidad de estar aislados de su entorno, tienen un espacio de camas en la Sociedad Hebraica y Villa Marista.<\/p>\n<p>Finalmente, Juan Pablo Rold\u00e1n, se refiri\u00f3 a la campa\u00f1a de vacunaci\u00f3n para los pacientes mayores de 65, <em>\u201cHay un doble funcionamiento, uno va a ser un m\u00f3vil a domicilio que se va a estar acercando, ya tenemos identificadas a las personas mayores de 65 a\u00f1os que son poblaci\u00f3n de riesgo, van a ser llamadas, van a ser comunicadas y ser va a acercar un m\u00f3vil con la cepa para la neumonia y la cepa para la gripe. (\u2026) Adem\u00e1s las vacunas van a estar distribuidas en los centros de salud y va a ir al domicilio el personal de enfermer\u00eda del centro\u201d<\/em>.<\/p>\n","protected":false},"excerpt":{"rendered":"<p>En el marco de la Emergencia Sanitaria decretada a nivel nacional, el Municipio de Pilar ha reorganizado el sistema de salud con el objetivo de prevenir la propagaci\u00f3n del COVID \u2013 19 y de dar respuesta inmediata a los casos positivos de Coronavirus. En di\u00e1logo con el programa radial \u201cEncuentro con las Noticias\u201d, Juan Pablo [&hellip;]<\/p>\n","protected":false},"author":1,"featured_media":1802,"comment_status":"open","ping_status":"open","sticky":false,"template":"","format":"standard","meta":{"footnotes":""},"categories":[7],"tags":[135,396],"class_list":["post-1801","post","type-post","status-publish","format-standard","has-post-thumbnail","hentry","category-salud","tag-coronavirus","tag-pilar"],"_links":{"self":[{"href":"https:\/\/fmtinkunaco.ar\/index.php?rest_route=\/wp\/v2\/posts\/1801","targetHints":{"allow":["GET"]}}],"collection":[{"href":"https:\/\/fmtinkunaco.ar\/index.php?rest_route=\/wp\/v2\/posts"}],"about":[{"href":"https:\/\/fmtinkunaco.ar\/index.php?rest_route=\/wp\/v2\/types\/post"}],"author":[{"embeddable":true,"href":"https:\/\/fmtinkunaco.ar\/index.php?rest_route=\/wp\/v2\/users\/1"}],"replies":[{"embeddable":true,"href":"https:\/\/fmtinkunaco.ar\/index.php?rest_route=%2Fwp%2Fv2%2Fcomments&post=1801"}],"version-history":[{"count":0,"href":"https:\/\/fmtinkunaco.ar\/index.php?rest_route=\/wp\/v2\/posts\/1801\/revisions"}],"wp:featuredmedia":[{"embeddable":true,"href":"https:\/\/fmtinkunaco.ar\/index.php?rest_route=\/"}],"wp:attachment":[{"href":"https:\/\/fmtinkunaco.ar\/index.php?rest_route=%2Fwp%2Fv2%2Fmedia&parent=1801"}],"wp:term":[{"taxonomy":"category","embeddable":true,"href":"https:\/\/fmtinkunaco.ar\/index.php?rest_route=%2Fwp%2Fv2%2Fcategories&post=1801"},{"taxonomy":"post_tag","embeddable":true,"href":"https:\/\/fmtinkunaco.ar\/index.php?rest_route=%2Fwp%2Fv2%2Ftags&post=1801"}],"curies":[{"name":"wp","href":"https:\/\/api.w.org\/{rel}","templated":true}]}}