{"id":1804,"date":"2020-04-03T18:35:47","date_gmt":"2020-04-03T21:35:47","guid":{"rendered":"http:\/\/fmtinkunaco.com.ar\/?p=1804"},"modified":"2020-04-03T18:35:47","modified_gmt":"2020-04-03T21:35:47","slug":"malvinas-argentinas-6-casos-confirmados-de-covid-19","status":"publish","type":"post","link":"https:\/\/fmtinkunaco.ar\/?p=1804","title":{"rendered":"Malvinas Argentinas: 6 casos confirmados de COVID \u2013 19"},"content":{"rendered":"<p>El sistema de salud de Malvinas Argentinas confirm\u00f3 2 casos positivos nuevos de Coronavirus, en las \u00faltimas horas, sumando de esta manera 6 positivos de COVID \u2013 19.<\/p>\n<p>En di\u00e1logo con el programa radial <em>\u201cEncuentro con las Noticias\u201d, Silvia Burgos, integrante de la Direcci\u00f3n de Derechos Humanos de Malvinas Argentinas, se refiri\u00f3 a esta situaci\u00f3n, \u201cMalvinas tiene hospitales propios y estas ultimas semanas se puso mucho \u00e9nfasis en la ampliaci\u00f3n\u00a0de las salas, en tener un lugar especifico para alojar a las posibles personas que vengan con ese terrible virus. Hoy en Malvinas tenemos 6 casos confirmados, 4 est\u00e1n\u00a0en el sistema de salud de Malvinas y 2 est\u00e1n en cl\u00ednicas privadas. Pero ac\u00e1 en Malvinas nos venimos preparando hace mucho tiempo\u201d<\/em>.<\/p>\n<p>Silvia Burgos, adem\u00e1s, remarc\u00f3 que el Hospital El Trauma es el encargado, hasta el momento, de recibir los casos sospechosos y tratar aquellos que se confirmen, <em>\u201cEl hospital trauma se dividi\u00f3 en dos partes, est\u00e1 la entrada central por Miraflores donde te toman la temperatura, ya se les pone el barbijo, se toman las medidas de precauci\u00f3n y se que estaban haciendo salas especiales que creo contaban con m\u00e1s de cien camas\u201d<\/em>.<\/p>\n<p>Por otro lado, Malvinas Argentinas inici\u00f3 como el resto de las localidades de la provincia, la vacunaci\u00f3n antigripal a la poblaci\u00f3n de riesgo, mayores de 65 a\u00f1os.<\/p>\n","protected":false},"excerpt":{"rendered":"<p>El sistema de salud de Malvinas Argentinas confirm\u00f3 2 casos positivos nuevos de Coronavirus, en las \u00faltimas horas, sumando de esta manera 6 positivos de COVID \u2013 19. En di\u00e1logo con el programa radial \u201cEncuentro con las Noticias\u201d, Silvia Burgos, integrante de la Direcci\u00f3n de Derechos Humanos de Malvinas Argentinas, se refiri\u00f3 a esta situaci\u00f3n, [&hellip;]<\/p>\n","protected":false},"author":1,"featured_media":1805,"comment_status":"open","ping_status":"open","sticky":false,"template":"","format":"standard","meta":{"footnotes":""},"categories":[7],"tags":[135,294],"class_list":["post-1804","post","type-post","status-publish","format-standard","has-post-thumbnail","hentry","category-salud","tag-coronavirus","tag-malvinas-argentinas"],"_links":{"self":[{"href":"https:\/\/fmtinkunaco.ar\/index.php?rest_route=\/wp\/v2\/posts\/1804","targetHints":{"allow":["GET"]}}],"collection":[{"href":"https:\/\/fmtinkunaco.ar\/index.php?rest_route=\/wp\/v2\/posts"}],"about":[{"href":"https:\/\/fmtinkunaco.ar\/index.php?rest_route=\/wp\/v2\/types\/post"}],"author":[{"embeddable":true,"href":"https:\/\/fmtinkunaco.ar\/index.php?rest_route=\/wp\/v2\/users\/1"}],"replies":[{"embeddable":true,"href":"https:\/\/fmtinkunaco.ar\/index.php?rest_route=%2Fwp%2Fv2%2Fcomments&post=1804"}],"version-history":[{"count":0,"href":"https:\/\/fmtinkunaco.ar\/index.php?rest_route=\/wp\/v2\/posts\/1804\/revisions"}],"wp:featuredmedia":[{"embeddable":true,"href":"https:\/\/fmtinkunaco.ar\/index.php?rest_route=\/"}],"wp:attachment":[{"href":"https:\/\/fmtinkunaco.ar\/index.php?rest_route=%2Fwp%2Fv2%2Fmedia&parent=1804"}],"wp:term":[{"taxonomy":"category","embeddable":true,"href":"https:\/\/fmtinkunaco.ar\/index.php?rest_route=%2Fwp%2Fv2%2Fcategories&post=1804"},{"taxonomy":"post_tag","embeddable":true,"href":"https:\/\/fmtinkunaco.ar\/index.php?rest_route=%2Fwp%2Fv2%2Ftags&post=1804"}],"curies":[{"name":"wp","href":"https:\/\/api.w.org\/{rel}","templated":true}]}}