{"id":1807,"date":"2020-04-06T17:45:50","date_gmt":"2020-04-06T20:45:50","guid":{"rendered":"http:\/\/fmtinkunaco.com.ar\/?p=1807"},"modified":"2020-04-06T17:45:50","modified_gmt":"2020-04-06T20:45:50","slug":"la-asamblea-no-al-cierre-de-las-salitas-exige-conformacion-de-un-comite-de-crisis","status":"publish","type":"post","link":"https:\/\/fmtinkunaco.ar\/?p=1807","title":{"rendered":"La Asamblea No al Cierre de las Salitas exige conformaci\u00f3n de un Comit\u00e9 de Crisis"},"content":{"rendered":"<p>La Asamblea No al Cierre de las Salitas, se reuni\u00f3 con el intendente Mario Ishii y le present\u00f3 una carta abierta donde exigen la conformaci\u00f3n de un Comit\u00e9 de Crisis en el marco de la Emergencia Sanitaria.<\/p>\n<p>En di\u00e1logo con el programa radial \u201cEncuentro con las Noticias\u201d, Hugo Pacheco, docente pace\u00f1o e integrante de la asamblea realiz\u00f3 un peque\u00f1o balance de la reuni\u00f3n, <em>\u201cEntre los puntos m\u00e1s importantes est\u00e1 la exigencia de la conformaci\u00f3n de un Comit\u00e9 de Crisis, de manera urgente, porque no se puede esperar frente a este flagelo que est\u00e1 azotando a todo el mundo la conformaci\u00f3n de un organismo que vede, se fije y evalu\u00e9\u00a0en qu\u00e9 condiciones se encuentra la situaci\u00f3n\u00a0de salud hoy para enfrentar el Coronavirus y ver que es lo que se necesita y c\u00f3mo manejar los insumos y el presupuesto\u00a0para hacerle frente a este flagelo\u201d<\/em>.<\/p>\n<p>La Carta tuvo una doble presentaci\u00f3n. En primer lugar, fue recibida en el Palacio Municipal por el Secretario de Gobierno, Claudio P\u00e9rez y el Secretario de Acci\u00f3n Directa, Pablo Mansilla. En segundo lugar, fue entregada en mano al Sr. Intendente en la Secretar\u00eda de Salud, la que se encuentra intervenida por \u00e9l desde 30 de marzo. En ese lugar tuvo lugar una reuni\u00f3n, de la que particip\u00f3 tambi\u00e9n el Diputado Provincial Jos\u00e9 P\u00e9rez.<\/p>\n<p>Pacheco, remarc\u00f3 la respuesta de Ishii, <em>\u201cEn principio nos dice que en 10 d\u00edas tendr\u00eda un panorama preciso y nos llamar\u00eda para ver c\u00f3mo podemos coordinar algunas acciones, a lo que las compa\u00f1eras fueron muy claras al respecto, no se puede esperar 10 d\u00edas para saber cu\u00e1l es el panorama de la salud p\u00fablica en el distrito\u201d<\/em>.<\/p>\n<p>Ante la negativa, por parte de los vecinos de esperar este tiempo, est\u00e1 semana se retomar\u00e1 el tema con mayor \u00e9nfasis. Por lo pronto, se pudo avanzar en el destino de 400 dosis para vacunar a docentes a cargos de tareas de comedor, que se har\u00e1 efectiva el d\u00eda de ma\u00f1ana s\u00e1bado en el Consejo Escolar Distrital.<\/p>\n<p>La Asamblea, exige:<\/p>\n<p>*Conformaci\u00f3n de un COMIT\u00c9 DE CRISIS, necesario para evaluar los pasos a seguir a la luz de los recursos con que se cuentan,<\/p>\n<p>*Exigencia de presupuesto de emergencia para satisfacer las necesidades sanitarias del distrito,<\/p>\n<p>*Protocolo con informaci\u00f3n clara y precisa dirigido a la comunidad en general y a las organizaciones sociales en particular, para conocer c\u00f3mo proceder frente a distintos s\u00edntomas compatibles con COVID-19<\/p>\n<p>*Provisi\u00f3n urgente de alimentos en los barrios con medidas sanitarias, para evitar circulaci\u00f3n de personas al momento de buscar bolsones de comida en escuelas y\/u otros organismos,<\/p>\n<p>*Inmunizaci\u00f3n urgente de los que realizan tareas esenciales, como personal de salud y los que atienden comedores en las escuelas.<\/p>\n","protected":false},"excerpt":{"rendered":"<p>La Asamblea No al Cierre de las Salitas, se reuni\u00f3 con el intendente Mario Ishii y le present\u00f3 una carta abierta donde exigen la conformaci\u00f3n de un Comit\u00e9 de Crisis en el marco de la Emergencia Sanitaria. En di\u00e1logo con el programa radial \u201cEncuentro con las Noticias\u201d, Hugo Pacheco, docente pace\u00f1o e integrante de la [&hellip;]<\/p>\n","protected":false},"author":1,"featured_media":1808,"comment_status":"open","ping_status":"open","sticky":false,"template":"","format":"standard","meta":{"footnotes":""},"categories":[7],"tags":[337],"class_list":["post-1807","post","type-post","status-publish","format-standard","has-post-thumbnail","hentry","category-salud","tag-municipio-de-jose-c-paz"],"_links":{"self":[{"href":"https:\/\/fmtinkunaco.ar\/index.php?rest_route=\/wp\/v2\/posts\/1807","targetHints":{"allow":["GET"]}}],"collection":[{"href":"https:\/\/fmtinkunaco.ar\/index.php?rest_route=\/wp\/v2\/posts"}],"about":[{"href":"https:\/\/fmtinkunaco.ar\/index.php?rest_route=\/wp\/v2\/types\/post"}],"author":[{"embeddable":true,"href":"https:\/\/fmtinkunaco.ar\/index.php?rest_route=\/wp\/v2\/users\/1"}],"replies":[{"embeddable":true,"href":"https:\/\/fmtinkunaco.ar\/index.php?rest_route=%2Fwp%2Fv2%2Fcomments&post=1807"}],"version-history":[{"count":0,"href":"https:\/\/fmtinkunaco.ar\/index.php?rest_route=\/wp\/v2\/posts\/1807\/revisions"}],"wp:featuredmedia":[{"embeddable":true,"href":"https:\/\/fmtinkunaco.ar\/index.php?rest_route=\/"}],"wp:attachment":[{"href":"https:\/\/fmtinkunaco.ar\/index.php?rest_route=%2Fwp%2Fv2%2Fmedia&parent=1807"}],"wp:term":[{"taxonomy":"category","embeddable":true,"href":"https:\/\/fmtinkunaco.ar\/index.php?rest_route=%2Fwp%2Fv2%2Fcategories&post=1807"},{"taxonomy":"post_tag","embeddable":true,"href":"https:\/\/fmtinkunaco.ar\/index.php?rest_route=%2Fwp%2Fv2%2Ftags&post=1807"}],"curies":[{"name":"wp","href":"https:\/\/api.w.org\/{rel}","templated":true}]}}