{"id":1810,"date":"2020-04-07T17:48:45","date_gmt":"2020-04-07T20:48:45","guid":{"rendered":"http:\/\/fmtinkunaco.com.ar\/?p=1810"},"modified":"2020-04-07T17:48:45","modified_gmt":"2020-04-07T20:48:45","slug":"malvinas-argentinas-trento-vidrios-srl-suspende-a-7-trabajadores-sin-motivo","status":"publish","type":"post","link":"https:\/\/fmtinkunaco.ar\/?p=1810","title":{"rendered":"Malvinas Argentinas: Trento Vidrios SRL suspende a 7 trabajadores sin motivo"},"content":{"rendered":"<p>La Empresa Trento Vidrios SRL, ubicada en el partido de Malvinas Argentinas, despidi\u00f3 a 7 trabajadores, dos de ellos delegados del Sindicato Argentino de trabajadores de la industria del vidrio.<\/p>\n<p>En di\u00e1logo con el programa radial \u201cEncuentro con las Noticias\u201d, H\u00e9ctor Sativa, trabajador de Trento Vidrios, se refiri\u00f3 a los despidos y a las suspensiones posteriores, <em>\u201cLa semana pasada la empresa tom\u00f3 la decisi\u00f3n de despedir a 7 compa\u00f1eros, enviando cartas documentos e informando la baja; esto fue el jueves 2 de abril. Nos amanecimos a la ma\u00f1ana con la baja de los telegramas, autom\u00e1ticamente informamos a nuestros abogados y tambi\u00e9n gente de la sociedad aut\u00f3noma y tomaron cartas en el asunto haciendo denuncias en el Ministerio de Trabajo de la Provincia de Buenos Aires, y tambi\u00e9n los abogados nos prepararon cartas para rechazar los despidos y las enviamos autom\u00e1ticamente a la empresa.<\/em><br \/>\n<em>Se hizo una especie de eco medi\u00e1tico, y el viernes a la tarde noche, la empresa se comunica con mi compa\u00f1ero delegado informando que va a dejar sin efecto las bajas pero a su vez informa que vamos a ser suspendidos. Esa suspensi\u00f3n la empresa lo hace v\u00eda whatsapp\u201d<\/em>.<\/p>\n<p>Luego de las medidas que tomaron los trabajadores junto a sus abogados, las autoridades de la empresa dieron marcha atr\u00e1s con los despidos pero informaron de manera informal que quedaban suspendidos.<\/p>\n<p>En este marco, Sativa, remarc\u00f3, <em>\u201cMand\u00f3 una comunicaci\u00f3n por whatsapp informando que estamos suspendidos del 2 de abril al 3, por eso ahora cuando se levant\u00e9 el aislamiento veremos como levantamos la suspensi\u00f3n para no perder esos d\u00edas\u201d<\/em>.<\/p>\n<p>Los trabajadores se encuentran a la espera de ver qu\u00e9 sucede luego de que se termin\u00e9 el per\u00edodo de aislamiento social, preventivo y obligatorio.<\/p>\n<p>Fotograf\u00eda: Diario ph<\/p>\n<p>&nbsp;<\/p>\n","protected":false},"excerpt":{"rendered":"<p>La Empresa Trento Vidrios SRL, ubicada en el partido de Malvinas Argentinas, despidi\u00f3 a 7 trabajadores, dos de ellos delegados del Sindicato Argentino de trabajadores de la industria del vidrio. En di\u00e1logo con el programa radial \u201cEncuentro con las Noticias\u201d, H\u00e9ctor Sativa, trabajador de Trento Vidrios, se refiri\u00f3 a los despidos y a las suspensiones [&hellip;]<\/p>\n","protected":false},"author":1,"featured_media":1811,"comment_status":"open","ping_status":"open","sticky":false,"template":"","format":"standard","meta":{"footnotes":""},"categories":[4],"tags":[153,294,479],"class_list":["post-1810","post","type-post","status-publish","format-standard","has-post-thumbnail","hentry","category-derechos-humanos","tag-despidos","tag-malvinas-argentinas","tag-trabajadores"],"_links":{"self":[{"href":"https:\/\/fmtinkunaco.ar\/index.php?rest_route=\/wp\/v2\/posts\/1810","targetHints":{"allow":["GET"]}}],"collection":[{"href":"https:\/\/fmtinkunaco.ar\/index.php?rest_route=\/wp\/v2\/posts"}],"about":[{"href":"https:\/\/fmtinkunaco.ar\/index.php?rest_route=\/wp\/v2\/types\/post"}],"author":[{"embeddable":true,"href":"https:\/\/fmtinkunaco.ar\/index.php?rest_route=\/wp\/v2\/users\/1"}],"replies":[{"embeddable":true,"href":"https:\/\/fmtinkunaco.ar\/index.php?rest_route=%2Fwp%2Fv2%2Fcomments&post=1810"}],"version-history":[{"count":0,"href":"https:\/\/fmtinkunaco.ar\/index.php?rest_route=\/wp\/v2\/posts\/1810\/revisions"}],"wp:featuredmedia":[{"embeddable":true,"href":"https:\/\/fmtinkunaco.ar\/index.php?rest_route=\/"}],"wp:attachment":[{"href":"https:\/\/fmtinkunaco.ar\/index.php?rest_route=%2Fwp%2Fv2%2Fmedia&parent=1810"}],"wp:term":[{"taxonomy":"category","embeddable":true,"href":"https:\/\/fmtinkunaco.ar\/index.php?rest_route=%2Fwp%2Fv2%2Fcategories&post=1810"},{"taxonomy":"post_tag","embeddable":true,"href":"https:\/\/fmtinkunaco.ar\/index.php?rest_route=%2Fwp%2Fv2%2Ftags&post=1810"}],"curies":[{"name":"wp","href":"https:\/\/api.w.org\/{rel}","templated":true}]}}