{"id":1813,"date":"2020-04-07T18:52:25","date_gmt":"2020-04-07T21:52:25","guid":{"rendered":"http:\/\/fmtinkunaco.com.ar\/?p=1813"},"modified":"2020-04-07T18:52:25","modified_gmt":"2020-04-07T21:52:25","slug":"la-red-el-encuentro-se-encuentran-exigiendo-el-acceso-de-modo-urgente-a-los-fondos-depositados-en-el-banco-provincia","status":"publish","type":"post","link":"https:\/\/fmtinkunaco.ar\/?p=1813","title":{"rendered":"La Red El Encuentro se encuentran exigiendo el acceso de modo urgente a los fondos depositados en el Banco Provincia"},"content":{"rendered":"<p>Los centros comunitarios que conforman la Red El Encuentro se encuentran haci\u00e9ndole frente a la cuarentena obligada por la pandemia, se han organizado en peque\u00f1os grupos para poder responder a las necesidades b\u00e1sicas de las familias que asisten cotidianamente a cada organizaci\u00f3n.<\/p>\n<p>Acompa\u00f1an a las familias y cada d\u00eda, entregan las viandas necesarias e inclusive se han sumado muchas m\u00e1s.<\/p>\n<p>En di\u00e1logo con el programa radial \u201cEncuentro con las Noticias\u201d, Luc\u00eda Esp\u00edndola, referente del Centro Comunitario Lagarto Juancho, describi\u00f3 el modo en que se organizaron para mantener la entrega de viandas durante el Decreto de Aislamiento Social, Preventivo y Obligatorio, <em>\u201cLo primero que hicimos es decirles a las compa\u00f1eras que viajaban que no vengan, a las que ten\u00edan nenes muy chiquitos o beb\u00e9s que tampoco vayan, as\u00ed que se complic\u00f3 armar el grupo porque quedamos las compa\u00f1eras m\u00e1s grandes, otras que tienen hijos m\u00e1s grandes o los compa\u00f1eros que no tienen hijos, entonces tardamos un poco en organizarnos pero ya se arm\u00f3 el grupo\u201d<\/em>.<\/p>\n<p>Esp\u00edndola, adem\u00e1s, remarc\u00f3 que en este contexto el n\u00famero de familias que se encuentran asistiendo a la organizaci\u00f3n en busca de viandas aument\u00f3,<em> \u201cEstamos complicados con esto del recurso, nosotros contamos con el recurso pero las familias son m\u00e1s familias de las que podemos abarcar. (\u2026) Nosotros ten\u00edamos maso menos 250 familias y ahora se sumo un poco m\u00e1s, porque todos los d\u00edas vamos contando y se acercan 2 o 3 y calculamos que estamos llegando a las 270 familias maso menos\u201d<\/em>.<\/p>\n<p>Adem\u00e1s, el conjunto de organizaciones que conforman la Red El Encuentro se encuentran exigiendo el acceso de modo urgente a los fondos depositados en el Banco Provincia.<\/p>\n<p>De esta manera lo explic\u00f3 Luc\u00eda Esp\u00edndola, <em>\u201cToda la Red anda detr\u00e1s de las puertas de los bancos para ver si podemos cobrar porque hay toda una traba por ah\u00ed y la verdad que desde la coordinaci\u00f3n de la Red se gestion\u00f3 un mont\u00f3n pero se sigue dificultando todo esto. Hace un mont\u00f3n de a\u00f1os que nosotros venimos peleando por un reconocimiento y hoy mas que nunca yo creo que hay que pelear mucho, porque la situaci\u00f3n en la que estamos nosotros, somos trabajadores pero no estamos siendo reconocidos\u201d<\/em>.<\/p>\n","protected":false},"excerpt":{"rendered":"<p>Los centros comunitarios que conforman la Red El Encuentro se encuentran haci\u00e9ndole frente a la cuarentena obligada por la pandemia, se han organizado en peque\u00f1os grupos para poder responder a las necesidades b\u00e1sicas de las familias que asisten cotidianamente a cada organizaci\u00f3n. Acompa\u00f1an a las familias y cada d\u00eda, entregan las viandas necesarias e inclusive [&hellip;]<\/p>\n","protected":false},"author":1,"featured_media":1814,"comment_status":"open","ping_status":"open","sticky":false,"template":"","format":"standard","meta":{"footnotes":""},"categories":[4,5],"tags":[106,176],"class_list":["post-1813","post","type-post","status-publish","format-standard","has-post-thumbnail","hentry","category-derechos-humanos","category-educacion","tag-centros-comunitarios","tag-educacion-popular"],"_links":{"self":[{"href":"https:\/\/fmtinkunaco.ar\/index.php?rest_route=\/wp\/v2\/posts\/1813","targetHints":{"allow":["GET"]}}],"collection":[{"href":"https:\/\/fmtinkunaco.ar\/index.php?rest_route=\/wp\/v2\/posts"}],"about":[{"href":"https:\/\/fmtinkunaco.ar\/index.php?rest_route=\/wp\/v2\/types\/post"}],"author":[{"embeddable":true,"href":"https:\/\/fmtinkunaco.ar\/index.php?rest_route=\/wp\/v2\/users\/1"}],"replies":[{"embeddable":true,"href":"https:\/\/fmtinkunaco.ar\/index.php?rest_route=%2Fwp%2Fv2%2Fcomments&post=1813"}],"version-history":[{"count":0,"href":"https:\/\/fmtinkunaco.ar\/index.php?rest_route=\/wp\/v2\/posts\/1813\/revisions"}],"wp:featuredmedia":[{"embeddable":true,"href":"https:\/\/fmtinkunaco.ar\/index.php?rest_route=\/"}],"wp:attachment":[{"href":"https:\/\/fmtinkunaco.ar\/index.php?rest_route=%2Fwp%2Fv2%2Fmedia&parent=1813"}],"wp:term":[{"taxonomy":"category","embeddable":true,"href":"https:\/\/fmtinkunaco.ar\/index.php?rest_route=%2Fwp%2Fv2%2Fcategories&post=1813"},{"taxonomy":"post_tag","embeddable":true,"href":"https:\/\/fmtinkunaco.ar\/index.php?rest_route=%2Fwp%2Fv2%2Ftags&post=1813"}],"curies":[{"name":"wp","href":"https:\/\/api.w.org\/{rel}","templated":true}]}}