{"id":1820,"date":"2020-04-08T13:07:39","date_gmt":"2020-04-08T16:07:39","guid":{"rendered":"http:\/\/fmtinkunaco.com.ar\/?p=1820"},"modified":"2020-04-08T13:07:39","modified_gmt":"2020-04-08T16:07:39","slug":"suteba-jose-c-paz-estamos-reclamando-la-aparicion-de-proteinas-en-los-bolsones-de-alimentos","status":"publish","type":"post","link":"https:\/\/fmtinkunaco.ar\/?p=1820","title":{"rendered":"SUTEBA Jos\u00e9. C. Paz: \u201cEstamos reclamando la aparici\u00f3n de prote\u00ednas en los bolsones de alimentos\u201d"},"content":{"rendered":"<p>En el marco de la cuarentena obligatoria y la cancelaci\u00f3n de las clases, sin novedades ni fechas de reinici\u00f3, los sindicatos regionales se encuentran realizando seguimiento en las escuelas de la entrega de material pedag\u00f3gicos y la entrega de alimentos.<\/p>\n<p>En di\u00e1logo con el programa radial \u201cEncuentro con las Noticias\u201d, Daniel Mart\u00ednez, SUTEBA Jos\u00e9. C. Paz \u2013 seccional General Sarmiento, se refiri\u00f3 al seguimiento sobre la continuidad pedag\u00f3gica que realizan desde el sindicato, <em>\u201cEl seguimiento nos encuentra con, por lo menos, la tranquilidad del cumplimiento, porque nos se hab\u00eda dado en la primera entrega en los t\u00e9rminos que esper\u00e1bamos de este dispositivo que se ha armado ahora separando ramas y niveles y haci\u00e9ndolos secuenciados. El d\u00eda de hoy tocar\u00eda escuela secundaria y hasta ahora se viene cumpliendo correctamente con la entrega; adem\u00e1s la predisposici\u00f3n de los equipos docentes y la presencia que implica tomar el riesgo sanitario a estar en las escuelas, si no tambi\u00e9n la buena predisposici\u00f3n de los padres que acompa\u00f1an de manera ordenada y tranquila. La otra cuesti\u00f3n que faltar\u00eda incorporar en el informe ser\u00eda el completamiento de la estrategia pedag\u00f3gica, sin presencia de los docentes en las aulas, que tiene que ver con la entrega de un cuadernillo que est\u00e1 bajando la provincia que tambi\u00e9n se hizo con este dispositivo\u201d.<\/em><\/p>\n<p>Mart\u00ednez, adem\u00e1s, se refiri\u00f3 a los bolsones de alimentos que se encuentran entregando a cada familia, <em>\u201cNosotros lo \u00fanico que hacemos es entregar los bolsones, el armado lo hace el SAE; en ese contacto que tenemos diario y que sabemos quienes son los entregamos pero no tenemos ninguna influencia sobre el contenido. S\u00ed nosotros estamos reclamando en relaci\u00f3n al contenido y en relaci\u00f3n la perspectiva, s\u00ed va a aumentarse tal lo anuncio el gobernador bonaerense la cantidad de plata que va a destinarse a los bolsones, nos interesaba el mejoramiento y la aparici\u00f3n de prote\u00ednas que es de lo que el bols\u00f3n carece porque hay mucho hidrato de carbono, hay mucho arroz, mucha harina y cuestiones que son importantes para la alimentaci\u00f3n pero que tienen que estar acompa\u00f1adas de prote\u00ednas que nos parece que le est\u00e1 faltando al bols\u00f3n\u201d<\/em>.<\/p>\n<p>Desde SUTEBA regional se encuentran esperando respuestas sobre las exigencias que realizan en lo que respecta al contenido de los bolsones.<\/p>\n","protected":false},"excerpt":{"rendered":"<p>En el marco de la cuarentena obligatoria y la cancelaci\u00f3n de las clases, sin novedades ni fechas de reinici\u00f3, los sindicatos regionales se encuentran realizando seguimiento en las escuelas de la entrega de material pedag\u00f3gicos y la entrega de alimentos. En di\u00e1logo con el programa radial \u201cEncuentro con las Noticias\u201d, Daniel Mart\u00ednez, SUTEBA Jos\u00e9. C. [&hellip;]<\/p>\n","protected":false},"author":1,"featured_media":1821,"comment_status":"open","ping_status":"open","sticky":false,"template":"","format":"standard","meta":{"footnotes":""},"categories":[5],"tags":[266,469],"class_list":["post-1820","post","type-post","status-publish","format-standard","has-post-thumbnail","hentry","category-educacion","tag-jose-c-paz","tag-suteba"],"_links":{"self":[{"href":"https:\/\/fmtinkunaco.ar\/index.php?rest_route=\/wp\/v2\/posts\/1820","targetHints":{"allow":["GET"]}}],"collection":[{"href":"https:\/\/fmtinkunaco.ar\/index.php?rest_route=\/wp\/v2\/posts"}],"about":[{"href":"https:\/\/fmtinkunaco.ar\/index.php?rest_route=\/wp\/v2\/types\/post"}],"author":[{"embeddable":true,"href":"https:\/\/fmtinkunaco.ar\/index.php?rest_route=\/wp\/v2\/users\/1"}],"replies":[{"embeddable":true,"href":"https:\/\/fmtinkunaco.ar\/index.php?rest_route=%2Fwp%2Fv2%2Fcomments&post=1820"}],"version-history":[{"count":0,"href":"https:\/\/fmtinkunaco.ar\/index.php?rest_route=\/wp\/v2\/posts\/1820\/revisions"}],"wp:featuredmedia":[{"embeddable":true,"href":"https:\/\/fmtinkunaco.ar\/index.php?rest_route=\/"}],"wp:attachment":[{"href":"https:\/\/fmtinkunaco.ar\/index.php?rest_route=%2Fwp%2Fv2%2Fmedia&parent=1820"}],"wp:term":[{"taxonomy":"category","embeddable":true,"href":"https:\/\/fmtinkunaco.ar\/index.php?rest_route=%2Fwp%2Fv2%2Fcategories&post=1820"},{"taxonomy":"post_tag","embeddable":true,"href":"https:\/\/fmtinkunaco.ar\/index.php?rest_route=%2Fwp%2Fv2%2Ftags&post=1820"}],"curies":[{"name":"wp","href":"https:\/\/api.w.org\/{rel}","templated":true}]}}