{"id":1823,"date":"2020-04-08T13:40:41","date_gmt":"2020-04-08T16:40:41","guid":{"rendered":"http:\/\/fmtinkunaco.com.ar\/?p=1823"},"modified":"2020-04-08T13:40:41","modified_gmt":"2020-04-08T16:40:41","slug":"moreno-hospital-modular-en-construccion-aportaria-76-camas-mas-en-el-marco-de-la-pandemia","status":"publish","type":"post","link":"https:\/\/fmtinkunaco.ar\/?p=1823","title":{"rendered":"Moreno: Hospital Modular en construcci\u00f3n aportar\u00eda 76 camas m\u00e1s en el marco de la pandemia"},"content":{"rendered":"<p>En el marco de la pandemia, Moreno es uno de los distritos del conurbano bonaerenses con m\u00e1s casos positivos de COVID \u2013 19.<\/p>\n<p>Actualmente, Moreno cuenta con 27 casos positivos del virus y 68 casos sospechosos.<\/p>\n<p>En di\u00e1logo con el programa radial \u201cEncuentro con las Noticias\u201d, Lucas Franco, Concejal de Moreno, se refiere al sistema de salud en este contexto, <em>\u201cEn lo que implica el sistema de salud municipal, se est\u00e1 mejorando mucho la atenci\u00f3n en el hospital que es Emanuel Alvarez, que es un joven m\u00e9dico que tiene una perspectiva de m\u00e9dicos comunitarios con lo cual eso le cambia pero abruptamente la mirada al servicio de salud. (\u2026) En ese marco tambi\u00e9n va a llegar, que ya se est\u00e1 construyendo en las inmediaciones del predio de la UPA de Cuartel V, un Hospital Modular, que eso va a aportarle a Moreno 76 camas m\u00e1s. Recordemos que Moreno tiene 180 camas, un n\u00famero muy bajo para la cantidad de poblaci\u00f3n que tenemos y estar\u00edamos ampliando casi en la mitad la capacidad de atenci\u00f3n y de camas hospitalarias de Moreno, eso es muy importante, aun m\u00e1s en esta situaci\u00f3n\u201d<\/em>.<\/p>\n<p>Adem\u00e1s, Franco, describi\u00f3 el modo de organizaci\u00f3n frente a la pandemia, en tres ejes: Sanitario, Seguridad y Social. <em>\u201cSe plantearon tres ejes de trabajo, lo estrictamente sanitario, lo que tiene que ver con la seguridad y lo que tiene que ver con lo social y lo que tiene que ver con la emergencia social y la emergencia alimentaria.<\/em><br \/>\n<em> En el plano de la seguridad, hay controles de tr\u00e1nsito, se han establecido puntos fijos y recorridas del personal policial en distintos lugares de Moreno, hay una demanda en muchas comunidades de que se refuerce la presencia de la fuerza de seguridad.<\/em><br \/>\n<em> Y despu\u00e9s el eje social con particularidad en lo alimentario, lo que se hicieron fue armarse comit\u00e9s de crisis regionales. Moreno tiene siete regiones, hay uno por regi\u00f3n, en las que est\u00e1n incluidas las distintas fuerzas pol\u00edticas, las instituciones de la comunidad y las organizaciones sociales. Con esos dispositivos se aborda lo alimentario en las instituciones, en algunos lados se cocina, ayer tuvimos el primer arribo del ejercito a cocinar en La Reja y en otros lugares las instituciones o las organizaciones sociales cocinan o se hace entrega de alimentos\u201d<\/em>.<\/p>\n<p>El municipio, tambi\u00e9n cuenta con acompa\u00f1amiento de los sindicatos, iglesias y organizaciones que funcionar\u00e1n como espacio de aislamiento para las personas que den positivo, en lo que se espera sea el pic\u00f3 de la pandemia, y no puedan realizar la cuarentena en sus casas.<\/p>\n","protected":false},"excerpt":{"rendered":"<p>En el marco de la pandemia, Moreno es uno de los distritos del conurbano bonaerenses con m\u00e1s casos positivos de COVID \u2013 19. Actualmente, Moreno cuenta con 27 casos positivos del virus y 68 casos sospechosos. En di\u00e1logo con el programa radial \u201cEncuentro con las Noticias\u201d, Lucas Franco, Concejal de Moreno, se refiere al sistema [&hellip;]<\/p>\n","protected":false},"author":1,"featured_media":1824,"comment_status":"open","ping_status":"open","sticky":false,"template":"","format":"standard","meta":{"footnotes":""},"categories":[7],"tags":[135,138,325],"class_list":["post-1823","post","type-post","status-publish","format-standard","has-post-thumbnail","hentry","category-salud","tag-coronavirus","tag-covid-19","tag-moreno"],"_links":{"self":[{"href":"https:\/\/fmtinkunaco.ar\/index.php?rest_route=\/wp\/v2\/posts\/1823","targetHints":{"allow":["GET"]}}],"collection":[{"href":"https:\/\/fmtinkunaco.ar\/index.php?rest_route=\/wp\/v2\/posts"}],"about":[{"href":"https:\/\/fmtinkunaco.ar\/index.php?rest_route=\/wp\/v2\/types\/post"}],"author":[{"embeddable":true,"href":"https:\/\/fmtinkunaco.ar\/index.php?rest_route=\/wp\/v2\/users\/1"}],"replies":[{"embeddable":true,"href":"https:\/\/fmtinkunaco.ar\/index.php?rest_route=%2Fwp%2Fv2%2Fcomments&post=1823"}],"version-history":[{"count":0,"href":"https:\/\/fmtinkunaco.ar\/index.php?rest_route=\/wp\/v2\/posts\/1823\/revisions"}],"wp:featuredmedia":[{"embeddable":true,"href":"https:\/\/fmtinkunaco.ar\/index.php?rest_route=\/"}],"wp:attachment":[{"href":"https:\/\/fmtinkunaco.ar\/index.php?rest_route=%2Fwp%2Fv2%2Fmedia&parent=1823"}],"wp:term":[{"taxonomy":"category","embeddable":true,"href":"https:\/\/fmtinkunaco.ar\/index.php?rest_route=%2Fwp%2Fv2%2Fcategories&post=1823"},{"taxonomy":"post_tag","embeddable":true,"href":"https:\/\/fmtinkunaco.ar\/index.php?rest_route=%2Fwp%2Fv2%2Ftags&post=1823"}],"curies":[{"name":"wp","href":"https:\/\/api.w.org\/{rel}","templated":true}]}}