{"id":1832,"date":"2020-04-09T13:08:36","date_gmt":"2020-04-09T16:08:36","guid":{"rendered":"http:\/\/fmtinkunaco.com.ar\/?p=1832"},"modified":"2020-04-09T13:08:36","modified_gmt":"2020-04-09T16:08:36","slug":"no-al-cierre-de-la-orquesta-municipal-de-jose-c-paz","status":"publish","type":"post","link":"https:\/\/fmtinkunaco.ar\/?p=1832","title":{"rendered":"No al cierre de la Orquesta Municipal de Jos\u00e9. C. Paz"},"content":{"rendered":"<p>A fines del mes de marzo el intendente pace\u00f1o Mario Alberto Ishii y el Secretario de Gobierno Claudio Perez tomaron la decisi\u00f3n de, en plena emergencia sanitaria, dejar sin ning\u00fan tipo de ingreso a 41 familias.<\/p>\n<p>Hace 9 a\u00f1os la orquesta, 6 como organismo oficial, viene trabajando por y para la comunidad Pace\u00f1a llevando m\u00fasica a cada rinc\u00f3n de Jos\u00e9. C. Paz.<\/p>\n<p>En di\u00e1logo con el programa radial \u201cEncuentro con las Noticias\u201d, Clara Parodi, Directora de la Orquesta, se refiri\u00f3 al apoyo que han recibido de la comunidad frente a est\u00e1 situaci\u00f3n, <em>\u201cLa verdad la repercusi\u00f3n de la comunidad es inmensa, ayer ya largamos una campa\u00f1a con todas las fotos de adhesi\u00f3n, tuvimos que hacer como cinco v\u00eddeos por la cantidad de fotos que nos est\u00e1n llegando que es inmensa, nos han llegado comunicados de adhesi\u00f3n de organismos estables no s\u00f3lo del pa\u00eds, pero tambi\u00e9n desde la Sinf\u00f3nica Nacional, del Director que trabaja en el Teatro Argentino de La Plata, de la Banda Municipal de Buenos Aires, el organismo estable m\u00e1s antiguo del pa\u00eds: incluso desde orquestas de Espa\u00f1a, de Cuba.<\/em><br \/>\n<em> La verdad que la repercusi\u00f3n que se est\u00e1 teniendo es muy grande y estamos inmensamente agradecidos porque es gigante el apoyo\u201d<\/em>.<\/p>\n<p>Adem\u00e1s, Parodi, remarc\u00f3 las contradicciones entre lo decretado por los gobiernos nacional y provincial frente a los sectores privados y los despidos a los trabajadores y la decisi\u00f3n por parte del gobierno municipal, <em>\u201cDesde Naci\u00f3n y Provincia est\u00e1n dando un discurso y as\u00ed como se les est\u00e1 exigiendo a las empresas, y lo celebr\u00f3 realmente, espero que esa misma v\u00eda sea para los espacios p\u00fablicos que tambi\u00e9n est\u00e1n yendo en contra de lo que se est\u00e1 pidiendo, de no hacer despidos justamente en cuarentena\u201d<\/em>.<\/p>\n<p>Finalmente, Clara Parodi, explic\u00f3 que hasta el momento no han recibido ning\u00fan tipo de respuesta por parte de las autoridades,\u00a0<em>\u201cTodav\u00eda no hemos tenido respuesta de ning\u00fan lado y eso que han salido notas en bastantes espacios, nosotros desde aquel encuentro, ah\u00ed mismo dijimos de solicitar una reuni\u00f3n y no hubo forma de pedir una audiencia m\u00e1s y quedamos a la espera de que cambie un poco la historia. (\u2026) El 27 que fue el d\u00eda que se decidi\u00f3 que no cobr\u00e1bamos el mes de marzo, trat\u00e9 de comunicarme como para decir marzo no nos pagaron, qu\u00e9 va a pasar y no hubo respuesta en lo absoluto.<\/em><br \/>\n<em> Estamos esperando realmente que est\u00e1 medida se de vuelta atr\u00e1s porque incluso el mes de marzo no se cobr\u00f3 y cualquier trabajador tiene que estar avisado por lo menos con mes vencido y no durante ese mes que se trabajo. Marzo es un mes de p\u00fablico conocimiento, para la comunidad, que estuvimos trabajando entonces ese mes se tiene que reconocer y en esta coyuntura de pandemia no se puede dejar gente sin trabajo\u201d<\/em>.<\/p>\n","protected":false},"excerpt":{"rendered":"<p>A fines del mes de marzo el intendente pace\u00f1o Mario Alberto Ishii y el Secretario de Gobierno Claudio Perez tomaron la decisi\u00f3n de, en plena emergencia sanitaria, dejar sin ning\u00fan tipo de ingreso a 41 familias. Hace 9 a\u00f1os la orquesta, 6 como organismo oficial, viene trabajando por y para la comunidad Pace\u00f1a llevando m\u00fasica [&hellip;]<\/p>\n","protected":false},"author":1,"featured_media":1833,"comment_status":"open","ping_status":"open","sticky":false,"template":"","format":"standard","meta":{"footnotes":""},"categories":[3],"tags":[368],"class_list":["post-1832","post","type-post","status-publish","format-standard","has-post-thumbnail","hentry","category-cultura","tag-orquesta-municipal-jose-c-paz"],"_links":{"self":[{"href":"https:\/\/fmtinkunaco.ar\/index.php?rest_route=\/wp\/v2\/posts\/1832","targetHints":{"allow":["GET"]}}],"collection":[{"href":"https:\/\/fmtinkunaco.ar\/index.php?rest_route=\/wp\/v2\/posts"}],"about":[{"href":"https:\/\/fmtinkunaco.ar\/index.php?rest_route=\/wp\/v2\/types\/post"}],"author":[{"embeddable":true,"href":"https:\/\/fmtinkunaco.ar\/index.php?rest_route=\/wp\/v2\/users\/1"}],"replies":[{"embeddable":true,"href":"https:\/\/fmtinkunaco.ar\/index.php?rest_route=%2Fwp%2Fv2%2Fcomments&post=1832"}],"version-history":[{"count":0,"href":"https:\/\/fmtinkunaco.ar\/index.php?rest_route=\/wp\/v2\/posts\/1832\/revisions"}],"wp:featuredmedia":[{"embeddable":true,"href":"https:\/\/fmtinkunaco.ar\/index.php?rest_route=\/"}],"wp:attachment":[{"href":"https:\/\/fmtinkunaco.ar\/index.php?rest_route=%2Fwp%2Fv2%2Fmedia&parent=1832"}],"wp:term":[{"taxonomy":"category","embeddable":true,"href":"https:\/\/fmtinkunaco.ar\/index.php?rest_route=%2Fwp%2Fv2%2Fcategories&post=1832"},{"taxonomy":"post_tag","embeddable":true,"href":"https:\/\/fmtinkunaco.ar\/index.php?rest_route=%2Fwp%2Fv2%2Ftags&post=1832"}],"curies":[{"name":"wp","href":"https:\/\/api.w.org\/{rel}","templated":true}]}}