{"id":1856,"date":"2020-04-13T15:31:44","date_gmt":"2020-04-13T18:31:44","guid":{"rendered":"http:\/\/fmtinkunaco.com.ar\/?p=1856"},"modified":"2020-04-13T15:31:44","modified_gmt":"2020-04-13T18:31:44","slug":"el-centro-de-salud-mirador-de-altube-con-escasez-de-vacunas-antigripales","status":"publish","type":"post","link":"https:\/\/fmtinkunaco.ar\/?p=1856","title":{"rendered":"El Centro de Salud Mirador de Altube con escasez de vacunas antigripales"},"content":{"rendered":"<p>En el marco del Aislamiento Social, Preventivo y Obligatorio, se lanz\u00f3 a nivel nacional la Campa\u00f1a de vacunaci\u00f3n antigripal con la intenci\u00f3n de disminuir los riesgos en los grupos etarios de riesgo ante el COVID \u2013 19.<\/p>\n<p>El d\u00eda lunes 6 de abril se lanz\u00f3 la campa\u00f1a en todo el pa\u00eds, y en muchos municipios de la provincia de Buenos Aires el faltante de vacunas impide cubrir la necesidad de las comunidades.<\/p>\n<p>En Jos\u00e9. C. Paz, s\u00f3lo algunos centros de atenci\u00f3n primaria de la salud se encuentran en la lista de lugares establecidos para vacunar. La salita de Mirador de Altube es uno de los centros establecidos pero no tiene las vacunas suficientes.<\/p>\n<p>En di\u00e1logo con el programa radial \u201cEncuentro con las Noticias\u201d, Florencia Gonzalez, vecina de la Sala Mirador de Altube, hizo referencia al faltante de vacunas, \u201cHay faltante de vacunas, limitaci\u00f3n; nosotros tenemos nuestro enfermero Fabi\u00e1n hace 20 a\u00f1os que est\u00e1 en el centro y lo derivaron a vacunar casa por casa. El intento de todas las maneras porque es la unica persona que va todos los d\u00edas al centro para cumplir con su puesto de enfermer\u00eda y era el encargado de REMEDIAR, o sea que eso qued\u00f3 sin un rol.<br \/>\nEl primer d\u00eda de la campa\u00f1a, que fue la semana pasada, a Fabi\u00e1n le hab\u00edan tra\u00eddo 120 vacunas y supuestamente esas ten\u00edan que cubrir el d\u00eda y el otro d\u00eda, pero el primer d\u00eda hizo 80 vacunas y estaba preocupado porque le hab\u00edan quedado 40 para el otro d\u00eda. Y ahora como no est\u00e1 Fabi\u00e1n pusieron n\u00fameros, entonces son 20 n\u00fameros a la ma\u00f1ana y 20 n\u00fameros a la tarde\u201d.<\/p>\n<p>Hay familias y personas, dentro del grupo de riesgo, que desde muy temprano realizan fila para poder vacunarse y, actualmente, en el centro de salud dan s\u00f3lo 40 n\u00fameros.<\/p>\n<p>Adem\u00e1s, Florencia Gonzalez, explic\u00f3 que el faltante de vacunas tambi\u00e9n se ve en la vacunaci\u00f3n casa por casa, \u201cY con respecto al sistema de vacunaci\u00f3n de casa por casa, son 6 equipos de 2 personas cada uno, 12 en total y tienen escasez de vacunas, as\u00ed que est\u00e1n haciendo 2 manzanas por d\u00eda\u201d.<\/p>\n","protected":false},"excerpt":{"rendered":"<p>En el marco del Aislamiento Social, Preventivo y Obligatorio, se lanz\u00f3 a nivel nacional la Campa\u00f1a de vacunaci\u00f3n antigripal con la intenci\u00f3n de disminuir los riesgos en los grupos etarios de riesgo ante el COVID \u2013 19. El d\u00eda lunes 6 de abril se lanz\u00f3 la campa\u00f1a en todo el pa\u00eds, y en muchos municipios [&hellip;]<\/p>\n","protected":false},"author":1,"featured_media":1786,"comment_status":"open","ping_status":"open","sticky":false,"template":"","format":"standard","meta":{"footnotes":""},"categories":[7],"tags":[266,440],"class_list":["post-1856","post","type-post","status-publish","format-standard","has-post-thumbnail","hentry","category-salud","tag-jose-c-paz","tag-salitas"],"_links":{"self":[{"href":"https:\/\/fmtinkunaco.ar\/index.php?rest_route=\/wp\/v2\/posts\/1856","targetHints":{"allow":["GET"]}}],"collection":[{"href":"https:\/\/fmtinkunaco.ar\/index.php?rest_route=\/wp\/v2\/posts"}],"about":[{"href":"https:\/\/fmtinkunaco.ar\/index.php?rest_route=\/wp\/v2\/types\/post"}],"author":[{"embeddable":true,"href":"https:\/\/fmtinkunaco.ar\/index.php?rest_route=\/wp\/v2\/users\/1"}],"replies":[{"embeddable":true,"href":"https:\/\/fmtinkunaco.ar\/index.php?rest_route=%2Fwp%2Fv2%2Fcomments&post=1856"}],"version-history":[{"count":0,"href":"https:\/\/fmtinkunaco.ar\/index.php?rest_route=\/wp\/v2\/posts\/1856\/revisions"}],"wp:featuredmedia":[{"embeddable":true,"href":"https:\/\/fmtinkunaco.ar\/index.php?rest_route=\/"}],"wp:attachment":[{"href":"https:\/\/fmtinkunaco.ar\/index.php?rest_route=%2Fwp%2Fv2%2Fmedia&parent=1856"}],"wp:term":[{"taxonomy":"category","embeddable":true,"href":"https:\/\/fmtinkunaco.ar\/index.php?rest_route=%2Fwp%2Fv2%2Fcategories&post=1856"},{"taxonomy":"post_tag","embeddable":true,"href":"https:\/\/fmtinkunaco.ar\/index.php?rest_route=%2Fwp%2Fv2%2Ftags&post=1856"}],"curies":[{"name":"wp","href":"https:\/\/api.w.org\/{rel}","templated":true}]}}