{"id":1861,"date":"2020-04-14T11:07:24","date_gmt":"2020-04-14T14:07:24","guid":{"rendered":"http:\/\/fmtinkunaco.com.ar\/?p=1861"},"modified":"2020-04-14T11:07:24","modified_gmt":"2020-04-14T14:07:24","slug":"familias-de-personas-con-autismo-analizan-la-resolucion-que-habilita-las-salidas","status":"publish","type":"post","link":"https:\/\/fmtinkunaco.ar\/?p=1861","title":{"rendered":"Familias de personas con autismo analizan la resoluci\u00f3n que habilita las salidas"},"content":{"rendered":"<p>A partir de la extensi\u00f3n del Aislamiento Social, Preventivo y Obligatorio, el gobierno nacional oficializ\u00f3 la excepci\u00f3n del decreto a las personas con discapacidad. Permiti\u00e9ndoles las salidas breves, a no m\u00e1s de un radio de 5 cuadras con las medidas de cuidado necesarias.<\/p>\n<p>Est\u00e1s salidas \u00a0se organizar\u00edan, seg\u00fan las terminaciones de los DNI.<\/p>\n<p>Esta decisi\u00f3n era exigida por las familias con ni\u00f1os y ni\u00f1as con diferentes trastornos, como el trastorno del espectro autista, y s\u00ed bien fue celebrada, complica la imposici\u00f3n de las salidas a partir de las terminaciones.<\/p>\n<p>En di\u00e1logo con el programa radial \u201cEncuentro con las Noticias\u201d, Gloria, mam\u00e1 integrante de TGD Padres TEA Pilar, se refiri\u00f3 a la medida, <em>\u201cEst\u00e1 resoluci\u00f3n s\u00ed uno la va viendo y desmenuzando tiene partes que est\u00e1n bien contempladas como el hecho de 500 mts en torno a su domicilio, con un acompa\u00f1ante, o cuando remarca que somos nosotros quienes sabemos cuando la necesidad lo amerita en el caso de una crisis, entonces sabemos que es un caso de extrema urgencia. No es salir a pasear todos los d\u00edas, si no pensar que se justifica por una real crisis a la que no podemos llegar a la calma<\/em>\u201d.<\/p>\n<p>Por otro lado, Gloria, remarc\u00f3 el fuerte limite que marca la salida por numeraci\u00f3n de DNI, <em>\u201cCuando nos ponen que tenemos que salir de acuerdo a la terminaci\u00f3n del DNI, ah\u00ed est\u00e1 complicado porque, por ejemplo, yo tengo a mi nena con terminaci\u00f3n de DNI en 6, ella podr\u00eda salir hoy pero ella tuvo una crisis ayer y ella no pod\u00eda salir si ten\u00eda una crisis. Ah\u00ed es donde se est\u00e1 elaborando desde la Red Federal un pronunciamiento al respecto\u201d<\/em>.<\/p>\n<p>El cronograma de salida que se ha fijado responde a los d\u00edas lunes, mi\u00e9rcoles y viernes a aquellas personas cuyo \u00faltimo n\u00famero de documento sea 1, 2, 3, 4 y 5, y los martes, jueves y s\u00e1bados a aquellas cuyo \u00faltimo n\u00famero de documento sea 6, 7, 8, 9 y 0.<\/p>\n<p>Finalmente, Gloria, describi\u00f3 las particularidades, <em>\u201cDentro del colectivo de discapacidad tenemos chicos con otro tipo de discapacidad que quiz\u00e1s necesiten una salida y quiz\u00e1s lo pueda llegar a comprender, pero un chico con autismo, un adolescente por ejemplo, que entr\u00f3 en crisis c\u00f3mo hacemos para calmar la crisis dici\u00e9ndole bueno, te toca pasado ma\u00f1ana. Ah\u00ed es donde hace ruido esta resoluci\u00f3n\u201d<\/em>.<\/p>\n<p>Desde Red Federal, se encuentran elaborando un pronunciamiento que permita describir y visibilizar las particularidades de los ni\u00f1os, ni\u00f1as y adolescentes con TEA. Y cu\u00e1les son sus necesidades.<\/p>\n","protected":false},"excerpt":{"rendered":"<p>A partir de la extensi\u00f3n del Aislamiento Social, Preventivo y Obligatorio, el gobierno nacional oficializ\u00f3 la excepci\u00f3n del decreto a las personas con discapacidad. Permiti\u00e9ndoles las salidas breves, a no m\u00e1s de un radio de 5 cuadras con las medidas de cuidado necesarias. Est\u00e1s salidas \u00a0se organizar\u00edan, seg\u00fan las terminaciones de los DNI. Esta decisi\u00f3n [&hellip;]<\/p>\n","protected":false},"author":1,"featured_media":1862,"comment_status":"open","ping_status":"open","sticky":false,"template":"","format":"standard","meta":{"footnotes":""},"categories":[4,7],"tags":[59,476],"class_list":["post-1861","post","type-post","status-publish","format-standard","has-post-thumbnail","hentry","category-derechos-humanos","category-salud","tag-austismo","tag-tgd-padres-tea-pilar"],"_links":{"self":[{"href":"https:\/\/fmtinkunaco.ar\/index.php?rest_route=\/wp\/v2\/posts\/1861","targetHints":{"allow":["GET"]}}],"collection":[{"href":"https:\/\/fmtinkunaco.ar\/index.php?rest_route=\/wp\/v2\/posts"}],"about":[{"href":"https:\/\/fmtinkunaco.ar\/index.php?rest_route=\/wp\/v2\/types\/post"}],"author":[{"embeddable":true,"href":"https:\/\/fmtinkunaco.ar\/index.php?rest_route=\/wp\/v2\/users\/1"}],"replies":[{"embeddable":true,"href":"https:\/\/fmtinkunaco.ar\/index.php?rest_route=%2Fwp%2Fv2%2Fcomments&post=1861"}],"version-history":[{"count":0,"href":"https:\/\/fmtinkunaco.ar\/index.php?rest_route=\/wp\/v2\/posts\/1861\/revisions"}],"wp:featuredmedia":[{"embeddable":true,"href":"https:\/\/fmtinkunaco.ar\/index.php?rest_route=\/"}],"wp:attachment":[{"href":"https:\/\/fmtinkunaco.ar\/index.php?rest_route=%2Fwp%2Fv2%2Fmedia&parent=1861"}],"wp:term":[{"taxonomy":"category","embeddable":true,"href":"https:\/\/fmtinkunaco.ar\/index.php?rest_route=%2Fwp%2Fv2%2Fcategories&post=1861"},{"taxonomy":"post_tag","embeddable":true,"href":"https:\/\/fmtinkunaco.ar\/index.php?rest_route=%2Fwp%2Fv2%2Ftags&post=1861"}],"curies":[{"name":"wp","href":"https:\/\/api.w.org\/{rel}","templated":true}]}}