{"id":1865,"date":"2020-04-15T16:05:59","date_gmt":"2020-04-15T19:05:59","guid":{"rendered":"http:\/\/fmtinkunaco.com.ar\/?p=1865"},"modified":"2020-04-15T16:05:59","modified_gmt":"2020-04-15T19:05:59","slug":"mil-ollas-populares-en-todo-el-pais","status":"publish","type":"post","link":"https:\/\/fmtinkunaco.ar\/?p=1865","title":{"rendered":"Mil Ollas Populares en todo el pa\u00eds"},"content":{"rendered":"<p>Las organizaciones populares de todo el pa\u00eds, realizaron en el mediod\u00eda del d\u00eda de hoy una jornada de Ollas Populares nacional, con el fin de visibilizar el aumento de las necesidades b\u00e1sicas en el marco del decreto de aislamiento social, preventivo y obligatorio, que considera necesario y exitoso.<\/p>\n<p>En la regi\u00f3n el MTD Oscar Barrios, realiz\u00f3 una olla popular en Jos\u00e9. C. Paz a partir del mediod\u00eda.<\/p>\n<p>En di\u00e1logo con el programa radial \u201cEncuentro con las Noticias\u201d, Cholo, del MTD Oscar Barrio en la FOB Libertaria, describi\u00f3 la situaci\u00f3n en los barrios en los que trabajan, <em>\u201cA partir de la cuarentena, de parte nuestra las primeras semana no hubo mucho actividad esperando como se organizaba el panorama. Despu\u00e9s abrimos los merenderos e hicimos entrega de alimentos y ah\u00ed vimos que los que ten\u00edan changas, o viv\u00edan el d\u00eda a d\u00eda, estaban en la lona.<\/em><br \/>\n<em>A nivel alimentario, tuvimos m\u00e1s demanda y el gobierno no hizo aumento de alimento, ni un kilo de m\u00e1s. Y a partir de la compra de sobreprecios, que tuvo Desarrollo Social, cancelaron las entregas y ahora estamos viendo c\u00f3mo va a continuar\u201d<\/em>.<\/p>\n<p>Las entregas que reciben las organizaciones es de modo mensual, por parte de naci\u00f3n y de provincia.<\/p>\n<p>Cholo, adem\u00e1s, remarc\u00f3 que tienen algunas reservas pero no saben cu\u00e1nto puede durarles la mercader\u00eda, <em>\u201cTenemos para bancar unas dos semanas m\u00e1s, siempre cuando hacemos repart\u00f3 o entrega a los comedores, tenemos una reserva. El tema es s\u00ed se acaba eso, estamos en problemas; nosotros hasta ahora no pedimos donaciones pero s\u00ed se nos acaba las raciones de alimento vamos a tener que pedir o hacer fondo com\u00fan para mantener la parte alimentaria\u201d<\/em>.<\/p>\n<p>Actualmente la organizaci\u00f3n brinda alrededor de 1500 y 2000 raciones de comida.<\/p>\n<p>El objetivo de las mil ollas es que se vea la situaci\u00f3n de urgencia en la que se encuentran muchas familias y reclamar la urgente implementaci\u00f3n de las siguientes medidas:<\/p>\n<p>*AUMENTO DE ALIMENTOS A LOS COMEDORES POPULARES.<\/p>\n<p>*AUMENTO PARA LOS TRABAJADORES Y TRABAJADORAS DE LAS COOPERATIVAS.<\/p>\n<p>* UNIVERSALIZACION Y CONTINUIDAD DEL IFE.<\/p>\n<p>*BONO EXTRAORDINARIO A LA AUH MIENTRAS DURE LA EMERGENCIA SANITARIA.<\/p>\n<p>*ASISTENCIA INMEDIATA, ECON\u00d3MICA Y PSICOL\u00d3GICA A LAS V\u00cdCTIMAS DE VIOLENCIA DE G\u00c9NERO.<\/p>\n<p>*EQUIPAMIENTO PARA LOS TRABAJADORES Y TRABAJADORAS QUE EST\u00c1N EN LA PRIMERA L\u00cdNEA.<\/p>\n<p>*IMPUESTO EXTRAORDINARIO A LA RIQUEZA<\/p>\n<p>*REPATRIACI\u00d3N DE LOS CAPITALES FUGADOS Y PUESTA A DISPOSICI\u00d3N DE LA EMERGENCIA.<\/p>\n<p>*LA DEUDA ES CON EL PUEBLO, NO CON EL FMI.<\/p>\n","protected":false},"excerpt":{"rendered":"<p>Las organizaciones populares de todo el pa\u00eds, realizaron en el mediod\u00eda del d\u00eda de hoy una jornada de Ollas Populares nacional, con el fin de visibilizar el aumento de las necesidades b\u00e1sicas en el marco del decreto de aislamiento social, preventivo y obligatorio, que considera necesario y exitoso. En la regi\u00f3n el MTD Oscar Barrios, [&hellip;]<\/p>\n","protected":false},"author":1,"featured_media":1866,"comment_status":"open","ping_status":"open","sticky":false,"template":"","format":"standard","meta":{"footnotes":""},"categories":[4,9],"tags":[337,361],"class_list":["post-1865","post","type-post","status-publish","format-standard","has-post-thumbnail","hentry","category-derechos-humanos","category-sociedad","tag-municipio-de-jose-c-paz","tag-ollas-populares"],"_links":{"self":[{"href":"https:\/\/fmtinkunaco.ar\/index.php?rest_route=\/wp\/v2\/posts\/1865","targetHints":{"allow":["GET"]}}],"collection":[{"href":"https:\/\/fmtinkunaco.ar\/index.php?rest_route=\/wp\/v2\/posts"}],"about":[{"href":"https:\/\/fmtinkunaco.ar\/index.php?rest_route=\/wp\/v2\/types\/post"}],"author":[{"embeddable":true,"href":"https:\/\/fmtinkunaco.ar\/index.php?rest_route=\/wp\/v2\/users\/1"}],"replies":[{"embeddable":true,"href":"https:\/\/fmtinkunaco.ar\/index.php?rest_route=%2Fwp%2Fv2%2Fcomments&post=1865"}],"version-history":[{"count":0,"href":"https:\/\/fmtinkunaco.ar\/index.php?rest_route=\/wp\/v2\/posts\/1865\/revisions"}],"wp:featuredmedia":[{"embeddable":true,"href":"https:\/\/fmtinkunaco.ar\/index.php?rest_route=\/"}],"wp:attachment":[{"href":"https:\/\/fmtinkunaco.ar\/index.php?rest_route=%2Fwp%2Fv2%2Fmedia&parent=1865"}],"wp:term":[{"taxonomy":"category","embeddable":true,"href":"https:\/\/fmtinkunaco.ar\/index.php?rest_route=%2Fwp%2Fv2%2Fcategories&post=1865"},{"taxonomy":"post_tag","embeddable":true,"href":"https:\/\/fmtinkunaco.ar\/index.php?rest_route=%2Fwp%2Fv2%2Ftags&post=1865"}],"curies":[{"name":"wp","href":"https:\/\/api.w.org\/{rel}","templated":true}]}}