{"id":1868,"date":"2020-04-15T17:00:14","date_gmt":"2020-04-15T20:00:14","guid":{"rendered":"http:\/\/fmtinkunaco.com.ar\/?p=1868"},"modified":"2020-04-15T17:00:14","modified_gmt":"2020-04-15T20:00:14","slug":"pilar-comienza-la-segunda-etapa-de-entrega-de-alimentos","status":"publish","type":"post","link":"https:\/\/fmtinkunaco.ar\/?p=1868","title":{"rendered":"Pilar: Comienza la segunda etapa de entrega de alimentos"},"content":{"rendered":"<p>En el marco de la cancelaci\u00f3n de clases, a ra\u00edz de la cuarentena obligatoria, e imposibilidad de los alumnos de asistir a los comedores escolares, el municipio de Pilar, comenz\u00f3 la segunda etapa de entrega de alimentos a los estudiantes de las escuelas p\u00fablicas y de material did\u00e1ctico.<\/p>\n<p>En di\u00e1logo con el programa radial \u201cEncuentro con las Noticias\u201d, Daniel Guidi, Profesor y Director de Escuelas Municipales de Pilar, se refiri\u00f3 al balance de la primera etapa de entrega de alimentos, <em>\u201cFue muy positiva y de la que tambi\u00e9n aprendimos a tener una serie de recaudos para evitar las aglomeraciones de personas. As\u00ed que la entrega en esta oportunidad la estamos haciendo de manera escalonada, con escuelas seleccionadas por d\u00eda y avisando desde las escuelas, trabajando con los inspectores para que tambi\u00e9n la convocatoria en ese d\u00eda sea de manera escalonada\u201d<\/em>.<\/p>\n<p>Guidi, adem\u00e1s, confirm\u00f3 que en el d\u00eda de ayer comenzaron con un n\u00famero de 15 escuelas, <em>\u201cEn el d\u00eda de ayer hicimos 15 escuelas, y hoy ya esperamos 25 0 30. Ayer estuvimos en Carabaza, Derqui y Del Viso, y hoy estamos en Carabaza, en Los Cachorros, Pilarica y bueno, estamos armando d\u00eda a d\u00eda, viendo tambi\u00e9n el tema de la mercader\u00eda. (\u2026) La mercader\u00eda viene en palets y nosotros armamos los bolsones, centralizamos en tres lugares, Pilar Centro, Villa Rosa y Derqui y despu\u00e9s se llevan a las escuelas\u201d<\/em>.<\/p>\n<p>Finalmente, Daniel Guidi, se refiri\u00f3 a la composici\u00f3n de los bolsones alimentarios, <em>\u201cEn Pilar el bols\u00f3n depende de la Subsecretar\u00eda de Educaci\u00f3n pero el bols\u00f3n se arm\u00f3 o se pens\u00f3 en funci\u00f3n de un equipo de nutricionistas, en funci\u00f3n de la nutrici\u00f3n, despu\u00e9s tenes todas las contingencias de estar inmerso en medio de una pandemia donde hay escasez de productos, tambi\u00e9n hay especulaciones y se va ajustando sobre la marcha, dependiendo de la mercader\u00eda que estamos consiguiendo. Por lo general son 12 o 13 productos, que tratan de cubrir almuerzo y una merienda por d\u00eda y hay galletitas, az\u00facar, aceite fue muy dif\u00edcil conseguir, t\u00e9, arvejas, tomates, lentejas, fideos tallarines, fideos para guisos. Y no consegu\u00edamos porque son 63 mil productos de un producto y 63 mil de otro, por eso va variando la composici\u00f3n por zona o por escuela\u201d<\/em>.<\/p>\n<p>Se prev\u00e9 que la entrega de alimentos se extienda, quiz\u00e1s, hasta el d\u00eda lunes ya que el objetivo es que no se provoquen aglomeraciones de personas en las diferentes escuelas.<\/p>\n","protected":false},"excerpt":{"rendered":"<p>En el marco de la cancelaci\u00f3n de clases, a ra\u00edz de la cuarentena obligatoria, e imposibilidad de los alumnos de asistir a los comedores escolares, el municipio de Pilar, comenz\u00f3 la segunda etapa de entrega de alimentos a los estudiantes de las escuelas p\u00fablicas y de material did\u00e1ctico. En di\u00e1logo con el programa radial \u201cEncuentro [&hellip;]<\/p>\n","protected":false},"author":1,"featured_media":1869,"comment_status":"open","ping_status":"open","sticky":false,"template":"","format":"standard","meta":{"footnotes":""},"categories":[5],"tags":[175,396],"class_list":["post-1868","post","type-post","status-publish","format-standard","has-post-thumbnail","hentry","category-educacion","tag-educacion","tag-pilar"],"_links":{"self":[{"href":"https:\/\/fmtinkunaco.ar\/index.php?rest_route=\/wp\/v2\/posts\/1868","targetHints":{"allow":["GET"]}}],"collection":[{"href":"https:\/\/fmtinkunaco.ar\/index.php?rest_route=\/wp\/v2\/posts"}],"about":[{"href":"https:\/\/fmtinkunaco.ar\/index.php?rest_route=\/wp\/v2\/types\/post"}],"author":[{"embeddable":true,"href":"https:\/\/fmtinkunaco.ar\/index.php?rest_route=\/wp\/v2\/users\/1"}],"replies":[{"embeddable":true,"href":"https:\/\/fmtinkunaco.ar\/index.php?rest_route=%2Fwp%2Fv2%2Fcomments&post=1868"}],"version-history":[{"count":0,"href":"https:\/\/fmtinkunaco.ar\/index.php?rest_route=\/wp\/v2\/posts\/1868\/revisions"}],"wp:featuredmedia":[{"embeddable":true,"href":"https:\/\/fmtinkunaco.ar\/index.php?rest_route=\/"}],"wp:attachment":[{"href":"https:\/\/fmtinkunaco.ar\/index.php?rest_route=%2Fwp%2Fv2%2Fmedia&parent=1868"}],"wp:term":[{"taxonomy":"category","embeddable":true,"href":"https:\/\/fmtinkunaco.ar\/index.php?rest_route=%2Fwp%2Fv2%2Fcategories&post=1868"},{"taxonomy":"post_tag","embeddable":true,"href":"https:\/\/fmtinkunaco.ar\/index.php?rest_route=%2Fwp%2Fv2%2Ftags&post=1868"}],"curies":[{"name":"wp","href":"https:\/\/api.w.org\/{rel}","templated":true}]}}