{"id":1872,"date":"2020-04-16T14:27:56","date_gmt":"2020-04-16T17:27:56","guid":{"rendered":"http:\/\/fmtinkunaco.com.ar\/?p=1872"},"modified":"2020-04-16T14:27:56","modified_gmt":"2020-04-16T17:27:56","slug":"pilar-regionalizacion-de-la-atencion-primaria-de-la-salud","status":"publish","type":"post","link":"https:\/\/fmtinkunaco.ar\/?p=1872","title":{"rendered":"Pilar: Regionalizaci\u00f3n de la atenci\u00f3n primaria de la salud"},"content":{"rendered":"<p>En el marco de la reorganizaci\u00f3n del sistema de salud en el Municipio de Pilar, trabajadores y trabajadoras del programa provincial \u201cFortalecimiento de integraci\u00f3n de redes\u201d se encuentran acompa\u00f1ando y brindando asistencia en el nivel primario de la salud.<\/p>\n<p>En di\u00e1logo con el programa radial \u201cEncuentro con las Noticias\u201d, Juan Moreyra, Trabajador Social, que se encuentra brindando asistencia a la direcci\u00f3n de APS y a epidemiologia, en el marco del programa \u00abFortalecimiento de integraci\u00f3n de redes\u00bb de la provincia de Buenos Aires en Pilar; se refiri\u00f3 al trabajo que se encuentran realizando, <em>\u201cNosotros ahora estamos brindando asistencia t\u00e9cnica en gesti\u00f3n y acompa\u00f1amiento a la Direcci\u00f3n de Atenci\u00f3n Primaria de la Salud en el municipio de Pilar. Concretamente lo que se estableci\u00f3 en el primer nivel de salud tiene que ver con la articulaci\u00f3n entre el primer nivel y el segundo nivel, en fortalecer esas redes; incluso se pens\u00f3 una estrategia regionalizaci\u00f3n en donde por cada regi\u00f3n entran entre 4 o 5 CAPS, algunos 3, dependiendo la zona, Pilar es un municipio muy grande. En donde hay responsables de estas regiones que articulan constantemente con los coordinadores de los CAPS y con la direcci\u00f3n de atenci\u00f3n primaria.<\/em><br \/>\n<em>Se hizo una red que va filtrando cuestiones que por ah\u00ed antes eran mas lentas por cuestiones administrativas, se decidi\u00f3 regionalizar para tener una intervenci\u00f3n m\u00e1s directa en el caso de que en tal zona haya un caso de COVID confirmado\u201d<\/em>.<\/p>\n<p>Moreyra, adem\u00e1s, explic\u00f3 el objetivo de la reorganizaci\u00f3n por zona, <em>\u201cNo es solamente para hacer el seguimiento o para pasar a epidemiologia en caso de confirmados o sospechosos, si no tambi\u00e9n para que haya una comunicaci\u00f3n m\u00e1s directa en cuanto a insumos COVID e insumos de limpiezas. Hay 33 CAPS en Pilar y eso generaba que alguno procesos sean m\u00e1s lentos a la hora del pedido, del remito, de la compra. Entonces as\u00ed, el coordinador del CAPS se comunica con el responsable de esa regi\u00f3n y ese responsable directamente con atenci\u00f3n primaria y ah\u00ed se soluciona mucho m\u00e1s r\u00e1pido. Se dispuso, adem\u00e1s, desde el municipio en relaci\u00f3n a los insumos de COVID, de dejar un stock bastante grande al coordinador del CAPS adem\u00e1s de la entrega que se va actualizando. Entonces, en el caso de que la log\u00edstica porque las distancias son muy grandes en Pilar tarden dos d\u00edas, no importa porque en el centro va a haber un stock, entonces lo que se va llenando es el stock pero siempre va a haber insumos\u201d<\/em>.<\/p>\n<p>Actualmente, el partido de Pilar cuenta con el funcionamiento de postas que permiten el r\u00e1pido diagnostico de casos positivos y en paralelo con espacios, ya condicionados, donde se tratar\u00edan los positivos de COVID \u2013 19; el Hospital Materno Infantil Hugo Meisner y el Hospital Sanguinetti.<br \/>\nPor otro lado, quienes tengan coronavirus con s\u00edntomas menores pero con la necesidad de estar aislados de su entorno, tienen un espacio de camas en la Sociedad Hebraica y Villa Marista.<\/p>\n","protected":false},"excerpt":{"rendered":"<p>En el marco de la reorganizaci\u00f3n del sistema de salud en el Municipio de Pilar, trabajadores y trabajadoras del programa provincial \u201cFortalecimiento de integraci\u00f3n de redes\u201d se encuentran acompa\u00f1ando y brindando asistencia en el nivel primario de la salud. En di\u00e1logo con el programa radial \u201cEncuentro con las Noticias\u201d, Juan Moreyra, Trabajador Social, que se [&hellip;]<\/p>\n","protected":false},"author":1,"featured_media":1873,"comment_status":"open","ping_status":"open","sticky":false,"template":"","format":"standard","meta":{"footnotes":""},"categories":[7],"tags":[135,138,443],"class_list":["post-1872","post","type-post","status-publish","format-standard","has-post-thumbnail","hentry","category-salud","tag-coronavirus","tag-covid-19","tag-salud-publica"],"_links":{"self":[{"href":"https:\/\/fmtinkunaco.ar\/index.php?rest_route=\/wp\/v2\/posts\/1872","targetHints":{"allow":["GET"]}}],"collection":[{"href":"https:\/\/fmtinkunaco.ar\/index.php?rest_route=\/wp\/v2\/posts"}],"about":[{"href":"https:\/\/fmtinkunaco.ar\/index.php?rest_route=\/wp\/v2\/types\/post"}],"author":[{"embeddable":true,"href":"https:\/\/fmtinkunaco.ar\/index.php?rest_route=\/wp\/v2\/users\/1"}],"replies":[{"embeddable":true,"href":"https:\/\/fmtinkunaco.ar\/index.php?rest_route=%2Fwp%2Fv2%2Fcomments&post=1872"}],"version-history":[{"count":0,"href":"https:\/\/fmtinkunaco.ar\/index.php?rest_route=\/wp\/v2\/posts\/1872\/revisions"}],"wp:featuredmedia":[{"embeddable":true,"href":"https:\/\/fmtinkunaco.ar\/index.php?rest_route=\/"}],"wp:attachment":[{"href":"https:\/\/fmtinkunaco.ar\/index.php?rest_route=%2Fwp%2Fv2%2Fmedia&parent=1872"}],"wp:term":[{"taxonomy":"category","embeddable":true,"href":"https:\/\/fmtinkunaco.ar\/index.php?rest_route=%2Fwp%2Fv2%2Fcategories&post=1872"},{"taxonomy":"post_tag","embeddable":true,"href":"https:\/\/fmtinkunaco.ar\/index.php?rest_route=%2Fwp%2Fv2%2Ftags&post=1872"}],"curies":[{"name":"wp","href":"https:\/\/api.w.org\/{rel}","templated":true}]}}