{"id":1891,"date":"2020-04-17T09:48:37","date_gmt":"2020-04-17T12:48:37","guid":{"rendered":"http:\/\/fmtinkunaco.com.ar\/?p=1891"},"modified":"2020-04-17T09:48:37","modified_gmt":"2020-04-17T12:48:37","slug":"la-asamblea-no-al-cierre-de-las-salitas-sin-respuestas-por-parte-del-municipio-paceno","status":"publish","type":"post","link":"https:\/\/fmtinkunaco.ar\/?p=1891","title":{"rendered":"La Asamblea No al Cierre de las Salitas sin respuestas por parte del municipio pace\u00f1o"},"content":{"rendered":"<p>El viernes, 3 de abril, la asamblea pace\u00f1a no al cierre de las salitas entreg\u00f3 en mano al intendente Mario Ishii una carta abierta, firmada por m\u00e1s de 30 organizaciones, que exig\u00eda la conformaci\u00f3n de un <a href=\"http:\/\/fmtinkunaco.com.ar\/la-asamblea-no-al-cierre-de-las-salitas-exige-conformacion-de-un-comite-de-crisis\/\">Comit\u00e9 de Crisis<\/a> para hacer frente a la actual pandemia de Coronavirus.<\/p>\n<p>Desde el Ejecutivo Municipal se comprometieron a tener en 10 d\u00edas una respuesta para los vecinos y vecinas que se acercaron, pero luego de m\u00e1s de 10 d\u00edas nunca recibieron respuestas y los casos de COVID \u2013 19 en el territorio contin\u00faan aumentando.<\/p>\n<p>En di\u00e1logo con el programa radial \u201cEncuentro con las Noticias\u201d, Marcelo Ochoa, integrante de la Asamblea no al cierre de las salitas, se refiri\u00f3 a la falta de respuestas,<em> \u201cEn relaci\u00f3n al pedido que hizo la Asamblea No al cierre de las salitas, sobre la conformaci\u00f3n de un Comit\u00e9 de Crisis en Jos\u00e9. C. Paz, luego de m\u00e1s de 10 d\u00edas no hemos tenido respuesta alguna por parte del ejecutivo municipal y la necesidad de conformar este comit\u00e9 a\u00fan sigue vigente y sigue vigente por esta crisis, en medio de una crisis sanitaria local que comienza hace m\u00e1s de 4 a\u00f1os con el vaciamiento del primer nivel de atenci\u00f3n\u201d<\/em>.<\/p>\n<p>Ochoa, adem\u00e1s, enumer\u00f3 algunos motivos que hacen esencial la conformaci\u00f3n del Comit\u00e9, <em>\u201cSigue vigente la necesidad del comit\u00e9 porque se necesita tener un gran impacto territorial y en ese sentido las m\u00e1s de 30 organizaciones que acompa\u00f1aron el pedido, dan garant\u00eda y expresan p\u00fablicamente su deseo de apoyar al ejecutivo municipal en lo que tiene que ver con las pol\u00edticas territoriales, acompa\u00f1ar todo ese proceso y sigue vigente porque a\u00fan hay medidas, de extremo cuidado, \u00a0de aislamiento social que todav\u00eda no se concretan en nuestro distrito como es la asistencia de espacios p\u00fablicos, y adem\u00e1s, una serie de medidas que desde otras instancias como los gobiernos nacionales, se est\u00e1n promoviendo que es la participaci\u00f3n de organizaciones sociales en lo que son las internaciones domiciliarias para evitar la circulaci\u00f3n de la poblaci\u00f3n innecesariamente\u201d<\/em>.<\/p>\n<p>Finalmente, Marcelo Ochoa, remarc\u00f3 que desde la asamblea contin\u00faan esperando respuestas, <em>\u201cEsperamos que el ejecutivo municipal tenga el gesto de poder conformar este espacio donde la \u00fanica preocupaci\u00f3n es salir con la menor cantidad de v\u00edctimas posibles de esta crisis sanitaria\u201d<\/em>.<\/p>\n","protected":false},"excerpt":{"rendered":"<p>El viernes, 3 de abril, la asamblea pace\u00f1a no al cierre de las salitas entreg\u00f3 en mano al intendente Mario Ishii una carta abierta, firmada por m\u00e1s de 30 organizaciones, que exig\u00eda la conformaci\u00f3n de un Comit\u00e9 de Crisis para hacer frente a la actual pandemia de Coronavirus. Desde el Ejecutivo Municipal se comprometieron a [&hellip;]<\/p>\n","protected":false},"author":1,"featured_media":1892,"comment_status":"open","ping_status":"open","sticky":false,"template":"","format":"standard","meta":{"footnotes":""},"categories":[4,7],"tags":[78,337,442],"class_list":["post-1891","post","type-post","status-publish","format-standard","has-post-thumbnail","hentry","category-derechos-humanos","category-salud","tag-caps","tag-municipio-de-jose-c-paz","tag-salud"],"_links":{"self":[{"href":"https:\/\/fmtinkunaco.ar\/index.php?rest_route=\/wp\/v2\/posts\/1891","targetHints":{"allow":["GET"]}}],"collection":[{"href":"https:\/\/fmtinkunaco.ar\/index.php?rest_route=\/wp\/v2\/posts"}],"about":[{"href":"https:\/\/fmtinkunaco.ar\/index.php?rest_route=\/wp\/v2\/types\/post"}],"author":[{"embeddable":true,"href":"https:\/\/fmtinkunaco.ar\/index.php?rest_route=\/wp\/v2\/users\/1"}],"replies":[{"embeddable":true,"href":"https:\/\/fmtinkunaco.ar\/index.php?rest_route=%2Fwp%2Fv2%2Fcomments&post=1891"}],"version-history":[{"count":0,"href":"https:\/\/fmtinkunaco.ar\/index.php?rest_route=\/wp\/v2\/posts\/1891\/revisions"}],"wp:featuredmedia":[{"embeddable":true,"href":"https:\/\/fmtinkunaco.ar\/index.php?rest_route=\/"}],"wp:attachment":[{"href":"https:\/\/fmtinkunaco.ar\/index.php?rest_route=%2Fwp%2Fv2%2Fmedia&parent=1891"}],"wp:term":[{"taxonomy":"category","embeddable":true,"href":"https:\/\/fmtinkunaco.ar\/index.php?rest_route=%2Fwp%2Fv2%2Fcategories&post=1891"},{"taxonomy":"post_tag","embeddable":true,"href":"https:\/\/fmtinkunaco.ar\/index.php?rest_route=%2Fwp%2Fv2%2Ftags&post=1891"}],"curies":[{"name":"wp","href":"https:\/\/api.w.org\/{rel}","templated":true}]}}