{"id":1927,"date":"2020-04-20T10:42:48","date_gmt":"2020-04-20T13:42:48","guid":{"rendered":"http:\/\/fmtinkunaco.com.ar\/?p=1927"},"modified":"2020-04-20T10:42:48","modified_gmt":"2020-04-20T13:42:48","slug":"la-fm-tinkunaco-lanza-el-4to-concurso-de-cuentos-infantiles-del-papel-a-la-radio","status":"publish","type":"post","link":"https:\/\/fmtinkunaco.ar\/?p=1927","title":{"rendered":"La FM Tinkunaco, lanza el 4to Concurso de Cuentos Infantiles \u201cDel Papel a la Radio\u201d"},"content":{"rendered":"<p>El 4to Concurso de Cuentos Infantiles \u201cDel Papel a la Radio\u201d se propone fomentar la creaci\u00f3n literaria, promover h\u00e1bitos de lectura y escritura que favorezcan el desarrollo creativo de ni\u00f1os, ni\u00f1as, adolescentes y j\u00f3venes.<\/p>\n<p>En tiempos de aislamiento social, preventivo y obligatorio, para cuidarnos como una gran comunidad, proponemos una creaci\u00f3n literaria familiar como una forma de encuentro, creaci\u00f3n y recreaci\u00f3n.<\/p>\n<p>A partir del viernes 1 de mayo, podr\u00e1s comenzar a enviar tus cuentos, que deber\u00e1n tener las siguientes caracter\u00edsticas: Los cuentos podr\u00e1n tener una extensi\u00f3n m\u00e1xima de <strong>1 carilla en formato A4<\/strong>,<strong> tipograf\u00eda Arial 12<\/strong>,<strong> interlineado sencillo<\/strong>. Se pueden presentar producciones <strong>individuales<\/strong> (de ni\u00f1os, ni\u00f1as y j\u00f3venes)\u00a0 o <strong>familiares<\/strong> aprovechando el aislamiento social, preventivo y obligatorio. Se podr\u00e1n presentar cuentos fant\u00e1sticos sobre: <strong>monstruos<\/strong>, <strong>hadas<\/strong>, <strong>criaturas sobrenaturales<\/strong>, y todo aquello que la imaginaci\u00f3n les sugiera.<\/p>\n<p><a href=\"http:\/\/fmtinkunaco.com.ar\/files\/2020\/04\/4-CONCURSO-PARA-WEB-04.jpg\"><img loading=\"lazy\" decoding=\"async\" class=\"aligncenter size-full wp-image-1929\" src=\"http:\/\/fmtinkunaco.com.ar\/files\/2020\/04\/4-CONCURSO-PARA-WEB-04.jpg\" alt=\"\" width=\"2480\" height=\"3508\" \/><\/a><\/p>\n<p>El concurso constar\u00e1 de 3 categor\u00edas:<\/p>\n<p>*<em><strong>Ni\u00f1xs <\/strong><strong><em>hasta 6<\/em>\u00a0a\u00f1os<\/strong><\/em> (solxs o acompa\u00f1adxs por sus familias)<\/p>\n<p>*<em><strong>Ni\u00f1xs de 7 a 12 a\u00f1os<\/strong> <\/em>(solxs o acompa\u00f1adxs por sus familias)<\/p>\n<p>*<strong>Ni\u00f1xs y\u00a0<\/strong><em><strong>J\u00f3venes de 13 a 18 a\u00f1os<\/strong><\/em><\/p>\n<p>Los trabajos ser\u00e1n recibidos entre el <strong>1 de Mayo<\/strong> y el<strong> 31 de Julio<\/strong> al correo: fmtinkunaco@yahoo.com.ar<\/p>\n<p>El <strong>15 de Agosto<\/strong> se anunciar\u00e1n los cuentos seleccionados por el jurado.<\/p>\n<p>Todos los trabajos recibidos tendr\u00e1n su correspondiente diploma de reconocimiento.<\/p>\n<p>Los cuentos seleccionados por el jurado ser\u00e1n grabados y difundidos en nuestra emisora FM Tinkunaco. Adem\u00e1s ser\u00e1n ilustrados y publicados digitalmente.<\/p>\n<p>Para m\u00e1s informaci\u00f3n te invitamos a visitar nuestras redes sociales:<\/p>\n<p><strong>Facebook<\/strong> <a href=\"https:\/\/www.facebook.com\/RadioFMTinkunaco\/\">https:\/\/www.facebook.com\/RadioFMTinkunaco\/<\/a><\/p>\n<p><strong>Twitter<\/strong> <a href=\"https:\/\/twitter.com\/RadioTinkunaco\">https:\/\/twitter.com\/RadioTinkunaco<\/a><\/p>\n","protected":false},"excerpt":{"rendered":"<p>El 4to Concurso de Cuentos Infantiles \u201cDel Papel a la Radio\u201d se propone fomentar la creaci\u00f3n literaria, promover h\u00e1bitos de lectura y escritura que favorezcan el desarrollo creativo de ni\u00f1os, ni\u00f1as, adolescentes y j\u00f3venes. En tiempos de aislamiento social, preventivo y obligatorio, para cuidarnos como una gran comunidad, proponemos una creaci\u00f3n literaria familiar como una [&hellip;]<\/p>\n","protected":false},"author":1,"featured_media":1928,"comment_status":"open","ping_status":"open","sticky":false,"template":"","format":"standard","meta":{"footnotes":""},"categories":[3,5],"tags":[123],"class_list":["post-1927","post","type-post","status-publish","format-standard","has-post-thumbnail","hentry","category-cultura","category-educacion","tag-concurso-de-cuentos-infantiles"],"_links":{"self":[{"href":"https:\/\/fmtinkunaco.ar\/index.php?rest_route=\/wp\/v2\/posts\/1927","targetHints":{"allow":["GET"]}}],"collection":[{"href":"https:\/\/fmtinkunaco.ar\/index.php?rest_route=\/wp\/v2\/posts"}],"about":[{"href":"https:\/\/fmtinkunaco.ar\/index.php?rest_route=\/wp\/v2\/types\/post"}],"author":[{"embeddable":true,"href":"https:\/\/fmtinkunaco.ar\/index.php?rest_route=\/wp\/v2\/users\/1"}],"replies":[{"embeddable":true,"href":"https:\/\/fmtinkunaco.ar\/index.php?rest_route=%2Fwp%2Fv2%2Fcomments&post=1927"}],"version-history":[{"count":0,"href":"https:\/\/fmtinkunaco.ar\/index.php?rest_route=\/wp\/v2\/posts\/1927\/revisions"}],"wp:featuredmedia":[{"embeddable":true,"href":"https:\/\/fmtinkunaco.ar\/index.php?rest_route=\/"}],"wp:attachment":[{"href":"https:\/\/fmtinkunaco.ar\/index.php?rest_route=%2Fwp%2Fv2%2Fmedia&parent=1927"}],"wp:term":[{"taxonomy":"category","embeddable":true,"href":"https:\/\/fmtinkunaco.ar\/index.php?rest_route=%2Fwp%2Fv2%2Fcategories&post=1927"},{"taxonomy":"post_tag","embeddable":true,"href":"https:\/\/fmtinkunaco.ar\/index.php?rest_route=%2Fwp%2Fv2%2Ftags&post=1927"}],"curies":[{"name":"wp","href":"https:\/\/api.w.org\/{rel}","templated":true}]}}