{"id":1937,"date":"2020-04-20T14:41:37","date_gmt":"2020-04-20T17:41:37","guid":{"rendered":"http:\/\/fmtinkunaco.com.ar\/?p=1937"},"modified":"2020-04-20T14:41:37","modified_gmt":"2020-04-20T17:41:37","slug":"la-asamblea-no-al-cierre-de-las-salitas-continua-sin-respuestas-por-parte-del-intendente-mario-ishii","status":"publish","type":"post","link":"https:\/\/fmtinkunaco.ar\/?p=1937","title":{"rendered":"La Asamblea no al Cierre de las Salitas se organiza frente a la falta de respuestas del intendente Ishii"},"content":{"rendered":"<p>Luego de la presentaci\u00f3n de la <a href=\"http:\/\/fmtinkunaco.com.ar\/la-asamblea-no-al-cierre-de-las-salitas-sin-respuestas-por-parte-del-municipio-paceno\/\">carta abierta<\/a> que realiz\u00f3 la asamblea al intendente Mario Ishii, donde entre otras cosas exig\u00eda la conformaci\u00f3n de un comit\u00e9 de crisis que acompa\u00f1e la emergencia sanitaria, se esperaban respuestas dentro de los diez d\u00edas.<\/p>\n<p>Han pasado dos semanas de la presentaci\u00f3n de la carta que se present\u00f3 el 3 de abril, y a\u00fan contin\u00faan sin ning\u00fan tipo de contestaci\u00f3n.<\/p>\n<p>En di\u00e1logo con el programa radial \u201cEncuentro con las Noticias\u201d, Paula Jove, integrante de la asamblea vecinal, se refiri\u00f3 al compromiso que hab\u00eda tomado la intendencia, <em>\u201cUno de los compromisos del intendente en esa reuni\u00f3n fue esperar unos diez d\u00edas en los que \u00e9l iba a terminar de hacer una suerte de relevamiento de recursos porque desconoc\u00eda inclusive gran parte del funcionamiento del propio sistema de salud del distrito, del personal que tenia a disposici\u00f3n, etc y nos plante\u00f3 que luego de esos diez d\u00edas seguramente nos iba a convocar. Y los diez d\u00edas ya se cumplieron hace una semana, no hubo convocatoria, tampoco hubo comunicaci\u00f3n con ninguno de nosotros\u201d<\/em>.<\/p>\n<p>Adem\u00e1s, Jove, remarc\u00f3 que ante esta situaci\u00f3n se realiz\u00f3 una asamblea virtual para discutir posibles l\u00edneas de acci\u00f3n,<em> \u201cComo integrantes de la asamblea vecinal, decidimos convocarnos en una asamblea virtual que pudimos llevar adelante este s\u00e1bado para discutir, un poco, c\u00f3mo avanzar en esta situaci\u00f3n porque entendemos que claramente hay una situaci\u00f3n muy preocupante, no solamente desde lo sanitario si no tambi\u00e9n desde lo econ\u00f3mico y social en el distrito; y no vemos que se den pasos que adelanten soluciones o que adelanten por lo menos prepararse para el crecimiento exponencial de los contagios que se viene se calcula dentro de diez d\u00edas con una circulaci\u00f3n y una cantidad de contagios mayor y una cantidad de casos cada vez m\u00e1s grande y un n\u00famero creciente\u201d<\/em>.<\/p>\n<p>La Secretaria de Salud se encuentra, actualmente, intervenida por el intendente Ishii y son muchos los reclamos de la falta de insumos en los centros de atenci\u00f3n primaria de la salud y en los hospitales municipales.<\/p>\n<p>Insumos b\u00e1sicos y los insumos particulares y necesarios para aquellos trabajadores de la salud que se encuentren en contacto con los pacientes positivos de COVID \u2013 19.<\/p>\n<p>Jove, en esta l\u00ednea, describi\u00f3 el caso de trabajadores y trabajadoras de la salud del Hospital Caporaletti que fueron sancionados por reclamar los insumos, <em>\u201cLos trabajadores del Hospital Caporaletti presentaron una carta pidiendo los insumos y fueron sancionados, incluso hay un despido en curso y la amenaza de m\u00e1s despidos por haber pedido los insumos\u201d<\/em>.<\/p>\n<p>Finalmente, Jove, explicit\u00f3 las decisiones tomadas en asamblea, <em>\u201cCon los vecinos de la asamblea discutimos, el s\u00e1bado en la reuni\u00f3n, volver a comunicarnos con todas las organizaciones que firmaron nuestra carta para plantear que sigamos exigiendo la conformaci\u00f3n del comit\u00e9 de crisis y que por otro lado, iniciemos nosotros acciones de planificaci\u00f3n y de propuestas, inclusive apelando a autoridades ya no solamente del municipio sino tambi\u00e9n de otras jurisdicciones, primero porque se necesitan las camas, se necesitan las vacunas, se necesitan los elementos de trabajo y una serie de cuestiones que vemos que est\u00e1n trabajados con el municipio, y el municipio no est\u00e1 dando respuestas ya no solamente a nosotros sino a la situaci\u00f3n general de la crisis sanitaria\u201d<\/em>.<\/p>\n<p>Compartimos la entrevista completa<\/p>\n<p><a href=\"https:\/\/archive.org\/details\/audio-paula-jove-20-04-2020_202004\">Descargar<\/a><\/p>\n","protected":false},"excerpt":{"rendered":"<p>Luego de la presentaci\u00f3n de la carta abierta que realiz\u00f3 la asamblea al intendente Mario Ishii, donde entre otras cosas exig\u00eda la conformaci\u00f3n de un comit\u00e9 de crisis que acompa\u00f1e la emergencia sanitaria, se esperaban respuestas dentro de los diez d\u00edas. Han pasado dos semanas de la presentaci\u00f3n de la carta que se present\u00f3 el [&hellip;]<\/p>\n","protected":false},"author":1,"featured_media":1786,"comment_status":"open","ping_status":"open","sticky":false,"template":"","format":"standard","meta":{"footnotes":""},"categories":[7],"tags":[52,337,442],"class_list":["post-1937","post","type-post","status-publish","format-standard","has-post-thumbnail","hentry","category-salud","tag-asamblea-no-al-cierre-de-las-salitas","tag-municipio-de-jose-c-paz","tag-salud"],"_links":{"self":[{"href":"https:\/\/fmtinkunaco.ar\/index.php?rest_route=\/wp\/v2\/posts\/1937","targetHints":{"allow":["GET"]}}],"collection":[{"href":"https:\/\/fmtinkunaco.ar\/index.php?rest_route=\/wp\/v2\/posts"}],"about":[{"href":"https:\/\/fmtinkunaco.ar\/index.php?rest_route=\/wp\/v2\/types\/post"}],"author":[{"embeddable":true,"href":"https:\/\/fmtinkunaco.ar\/index.php?rest_route=\/wp\/v2\/users\/1"}],"replies":[{"embeddable":true,"href":"https:\/\/fmtinkunaco.ar\/index.php?rest_route=%2Fwp%2Fv2%2Fcomments&post=1937"}],"version-history":[{"count":0,"href":"https:\/\/fmtinkunaco.ar\/index.php?rest_route=\/wp\/v2\/posts\/1937\/revisions"}],"wp:featuredmedia":[{"embeddable":true,"href":"https:\/\/fmtinkunaco.ar\/index.php?rest_route=\/"}],"wp:attachment":[{"href":"https:\/\/fmtinkunaco.ar\/index.php?rest_route=%2Fwp%2Fv2%2Fmedia&parent=1937"}],"wp:term":[{"taxonomy":"category","embeddable":true,"href":"https:\/\/fmtinkunaco.ar\/index.php?rest_route=%2Fwp%2Fv2%2Fcategories&post=1937"},{"taxonomy":"post_tag","embeddable":true,"href":"https:\/\/fmtinkunaco.ar\/index.php?rest_route=%2Fwp%2Fv2%2Ftags&post=1937"}],"curies":[{"name":"wp","href":"https:\/\/api.w.org\/{rel}","templated":true}]}}