{"id":1943,"date":"2020-04-22T10:54:38","date_gmt":"2020-04-22T13:54:38","guid":{"rendered":"http:\/\/fmtinkunaco.com.ar\/?p=1943"},"modified":"2020-04-22T10:54:38","modified_gmt":"2020-04-22T13:54:38","slug":"orquesta-municipal-de-jose-c-paz-inicio-el-dialogo-con-el-municipio","status":"publish","type":"post","link":"https:\/\/fmtinkunaco.ar\/?p=1943","title":{"rendered":"Orquesta Municipal de Jos\u00e9. C. Paz: Inici\u00f3 el di\u00e1logo con el municipio"},"content":{"rendered":"<p>La Orquesta Sinf\u00f3nica Municipal de Jos\u00e9. C. Paz contin\u00faa luchando por su reincorporaci\u00f3n como trabajadores y trabajadoras municipales.<\/p>\n<p>Recordamos que los <a href=\"http:\/\/fmtinkunaco.com.ar\/no-al-cierre-de-la-orquesta-municipal-de-jose-c-paz\/\">40 m\u00fasicos y m\u00fasicas fueron desvinculados <\/a>al inicio del Aislamiento Social, Preventivo y Obligatorio.<\/p>\n<p>La \u00faltima semana, el municipio accedi\u00f3 al di\u00e1logo con los trabajadores.<\/p>\n<p>En di\u00e1logo con el programa radial \u201cEncuentro con las Noticias\u201d, Clara Parodi, Directora de la Orquesta Municipal se refiri\u00f3 al inicio del di\u00e1logo, <em>\u201cSe est\u00e1 abriendo un canal de di\u00e1logo que creo que ese es un paso gigante en este momento, se pudo conseguir una reuni\u00f3n el d\u00eda jueves pasado, estuvimos con Claudio y Jos\u00e9 P\u00e9rez. Todav\u00eda la oferta no es una oferta firme, nos ofrecen ingresar como monotributistas, pero bueno la instancia de di\u00e1logo ya es muy importante, creemos que en esta semana o en la pr\u00f3xima ya nos vamos a estar juntando de nuevo como para ir mejorando esta propuesta. Por lo menos, sosteniendo este tiempo que tenemos de cuarentena tener una propuesta un poco mejor ser un poco m\u00e1s paliativos con la realidad econ\u00f3mica de los trabajadores y las trabajadoras y cuando termine la pandemia ya poder ver otras cuestiones tambi\u00e9n. (\u2026) Todav\u00eda no est\u00e1 la reincorporaci\u00f3n a la planta oficial pero el sentarnos a hablar es un paso dado\u201d<\/em>.<\/p>\n<p>Adem\u00e1s, Parodi, remarc\u00f3 la importancia del apoyo y acompa\u00f1amiento de toda la comunidad, y el impulso que signific\u00f3 para el inicio del di\u00e1logo, <em>\u201cEsto se est\u00e1 dando gracias al apoyo inmenso de toda la comunidad, que no solamente es por la empat\u00eda y la solidaridad con los 40 trabajadores sino porque en realidad se entiende que cerrar un organismo perdemos todo, no solo los trabajadores, si no pierde Jos\u00e9. C. Paz perdiendo su orquesta y cerrando un organismo p\u00fablico\u201d<\/em>.<\/p>\n<p>Finalmente, Clara Parodi, remarc\u00f3 que la ley expone que tiene que existir un mes de aviso previo, que nunca existi\u00f3, <em>\u201cPersonal temporario tiene la desventaja de que el contrato se puede rescindir, no se puede renovar en cualquier momento que el ejecutivo lo desee pero s\u00ed tiene que informar con el mes anterior. La ley dice que todos los municipios pueden modificar la ley pero siempre en pos de mejora, nunca se puede hacer algo peor de lo que diga la ley\u201d<\/em>.<\/p>\n<p>&nbsp;<\/p>\n","protected":false},"excerpt":{"rendered":"<p>La Orquesta Sinf\u00f3nica Municipal de Jos\u00e9. C. Paz contin\u00faa luchando por su reincorporaci\u00f3n como trabajadores y trabajadoras municipales. Recordamos que los 40 m\u00fasicos y m\u00fasicas fueron desvinculados al inicio del Aislamiento Social, Preventivo y Obligatorio. La \u00faltima semana, el municipio accedi\u00f3 al di\u00e1logo con los trabajadores. En di\u00e1logo con el programa radial \u201cEncuentro con las [&hellip;]<\/p>\n","protected":false},"author":1,"featured_media":1833,"comment_status":"open","ping_status":"open","sticky":false,"template":"","format":"standard","meta":{"footnotes":""},"categories":[3],"tags":[266,368],"class_list":["post-1943","post","type-post","status-publish","format-standard","has-post-thumbnail","hentry","category-cultura","tag-jose-c-paz","tag-orquesta-municipal-jose-c-paz"],"_links":{"self":[{"href":"https:\/\/fmtinkunaco.ar\/index.php?rest_route=\/wp\/v2\/posts\/1943","targetHints":{"allow":["GET"]}}],"collection":[{"href":"https:\/\/fmtinkunaco.ar\/index.php?rest_route=\/wp\/v2\/posts"}],"about":[{"href":"https:\/\/fmtinkunaco.ar\/index.php?rest_route=\/wp\/v2\/types\/post"}],"author":[{"embeddable":true,"href":"https:\/\/fmtinkunaco.ar\/index.php?rest_route=\/wp\/v2\/users\/1"}],"replies":[{"embeddable":true,"href":"https:\/\/fmtinkunaco.ar\/index.php?rest_route=%2Fwp%2Fv2%2Fcomments&post=1943"}],"version-history":[{"count":0,"href":"https:\/\/fmtinkunaco.ar\/index.php?rest_route=\/wp\/v2\/posts\/1943\/revisions"}],"wp:featuredmedia":[{"embeddable":true,"href":"https:\/\/fmtinkunaco.ar\/index.php?rest_route=\/"}],"wp:attachment":[{"href":"https:\/\/fmtinkunaco.ar\/index.php?rest_route=%2Fwp%2Fv2%2Fmedia&parent=1943"}],"wp:term":[{"taxonomy":"category","embeddable":true,"href":"https:\/\/fmtinkunaco.ar\/index.php?rest_route=%2Fwp%2Fv2%2Fcategories&post=1943"},{"taxonomy":"post_tag","embeddable":true,"href":"https:\/\/fmtinkunaco.ar\/index.php?rest_route=%2Fwp%2Fv2%2Ftags&post=1943"}],"curies":[{"name":"wp","href":"https:\/\/api.w.org\/{rel}","templated":true}]}}