{"id":1946,"date":"2020-04-22T15:32:49","date_gmt":"2020-04-22T18:32:49","guid":{"rendered":"http:\/\/fmtinkunaco.com.ar\/?p=1946"},"modified":"2020-04-22T15:32:49","modified_gmt":"2020-04-22T18:32:49","slug":"hay-431-contagiados-portadores-del-covid-19-en-el-sistema-de-salud-nacional","status":"publish","type":"post","link":"https:\/\/fmtinkunaco.ar\/?p=1946","title":{"rendered":"Hay 431 contagiados portadores del COVID \u2013 19 en el sistema de salud nacional"},"content":{"rendered":"<p>En los \u00faltimos d\u00edas se dio a conocer el n\u00famero de 14% de trabajadores y trabajadoras de la salud positivos para COVID \u2013 19, lo que profundiz\u00f3 y visibiliz\u00f3 las exigencias que ya existian de diferentes gremios respecto a las condiciones de trabajo del personal sanitario y el faltante de insumos.<\/p>\n<p>En di\u00e1logo con el programa radial \u201cEncuentro con las Noticias\u201d, Guillermo Pacagnini, Secretario General de CICOP \u2013 Asociaci\u00f3n Sindical de Profesionales de la Salud de la Provincia de Buenos Aires, se refiri\u00f3 a la preocupaci\u00f3n actual y al n\u00famero de infectados, <em>\u201cEstamos muy preocupados porque se est\u00e1 mostrando una curva epidemiologica con cierto exitismo se nos muestra el modelo argentino comparado con catastrofes en otros pa\u00edses, casi ya se nos esta diciendo que no va a haber pico, etc, etc. Ahora hay otra curva que est\u00e1 creciendo, que estaba silenciada, y que emergi\u00f3 a partir de casos dram\u00e1ticos como el del Hospital Belgrano de San Mart\u00edn, hoy con 22 trabajadores y trabajadoras contagiados y m\u00e1s de 70 fuera del campo de la atenci\u00f3n porque est\u00e1n en aislamiento, y es justamente la de la salud de los trabajadores y trabajadores de la salud que hasta el d\u00eda de ayer estaba en 431 contagiados portadores del virus a nivel nacional y cerca de 200 en la provincia de Buenos Aires.<\/em><br \/>\n(\u2026) Estamos, ademp\u00e1s, preocupados porque un relevamiento nos da que hay faltante de insumos en general y de elementos de protecci\u00f3n, en particular, en cantidad y calidad y realmente es un punto importante\u201d.<\/p>\n<p>Pacagnini, adem\u00e1s, remarc\u00f3 que uno de las principales exigencias, responde a la conformaci\u00f3n de comites de crisis en cada hospital, <em>\u201cNosotros reclamamos la conformaci\u00f3n de comites de crisis, es decir, un \u00e1mbito donde tenga participaci\u00f3n los gremios y adem\u00e1s, se tomen decisiones democraticamente. Porque no puede ser esto el sabio dedo de los directores de turno porque se van a equivocar, o solamente la opini\u00f3n de los expertos porque la salud, la medicina, no es una ciencia exacta, adem\u00e1s esto es una cosa nueva, y tercero no hay evidencias categ\u00f3ricas\u00a0cient\u00edficas\u00a0de las cosas, mucho empirismo, entonces tiene que haber choque de opiniones y decisiones colectivas y democr\u00e1ticas, esa es la opini\u00f3n\u00a0nuestra; que es impulsar los comit\u00e9s\u00a0de crisis en los establecimientos. Y tiene que estar, por supuesto, los responsables de las \u00e1reas\u00a0fundamentales, infectologos y donde haya alg\u00fan\u00a0epidemiologo y despu\u00e9s la direcci\u00f3n\u00a0del hospital y los gremios. Porque sino no se puede conducir este combate\u201d<\/em>.<\/p>\n<p>El lunes 20, en el Hospital El Dique de Ensenada, se llev\u00f3 adelante la primera reuni\u00f3n del Comit\u00e9 de Crisis Central a nivel provincial. El encuentro cont\u00f3 con la presencia del Ministro del \u00e1rea, Daniel Goll\u00e1n, el Viceministro, Nicol\u00e1s Kreplak, el Director Provincial de Hospitales, Juan Riera, y otrxs funcionarixs ministeriales. CICOP estuvo presente junto al resto de los sindicatos con representaci\u00f3n en el sector.<\/p>\n<p>En ese marco, Guillermo Pacagnini, explic\u00f3 que se logr\u00f3 la rotaci\u00f3n del personal sanitario, intentando evitar la aglomeraci\u00f3n de personas en el hospital y el cuidado y protecci\u00f3n de cada trabajador y trabajadora, <em>\u201cLogramos que se acuerde que no puede haber m\u00e1s de un tercio de la planta trabajando y que debe haber rotaci\u00f3n, un sector trabaja, el otro espera porque sino ya te digo hay m\u00e1s de 70 fuera de pista m\u00e1s los 22 que est\u00e1n infectados en el Belgrano. Ya tenes ahi casi 100, despu\u00e9s en el Eva Per\u00f3n tenes 40 que est\u00e1n en aislamiento<\/em>\u201d.<\/p>\n<p>Compartimos entrevista completa<\/p>\n<p><a href=\"https:\/\/archive.org\/details\/audio-guillermo-pacagnini-22-04-2020\">Descargar<\/a><\/p>\n","protected":false},"excerpt":{"rendered":"<p>En los \u00faltimos d\u00edas se dio a conocer el n\u00famero de 14% de trabajadores y trabajadoras de la salud positivos para COVID \u2013 19, lo que profundiz\u00f3 y visibiliz\u00f3 las exigencias que ya existian de diferentes gremios respecto a las condiciones de trabajo del personal sanitario y el faltante de insumos. En di\u00e1logo con el [&hellip;]<\/p>\n","protected":false},"author":1,"featured_media":1954,"comment_status":"open","ping_status":"open","sticky":false,"template":"","format":"standard","meta":{"footnotes":""},"categories":[7],"tags":[],"class_list":["post-1946","post","type-post","status-publish","format-standard","has-post-thumbnail","hentry","category-salud"],"_links":{"self":[{"href":"https:\/\/fmtinkunaco.ar\/index.php?rest_route=\/wp\/v2\/posts\/1946","targetHints":{"allow":["GET"]}}],"collection":[{"href":"https:\/\/fmtinkunaco.ar\/index.php?rest_route=\/wp\/v2\/posts"}],"about":[{"href":"https:\/\/fmtinkunaco.ar\/index.php?rest_route=\/wp\/v2\/types\/post"}],"author":[{"embeddable":true,"href":"https:\/\/fmtinkunaco.ar\/index.php?rest_route=\/wp\/v2\/users\/1"}],"replies":[{"embeddable":true,"href":"https:\/\/fmtinkunaco.ar\/index.php?rest_route=%2Fwp%2Fv2%2Fcomments&post=1946"}],"version-history":[{"count":0,"href":"https:\/\/fmtinkunaco.ar\/index.php?rest_route=\/wp\/v2\/posts\/1946\/revisions"}],"wp:featuredmedia":[{"embeddable":true,"href":"https:\/\/fmtinkunaco.ar\/index.php?rest_route=\/"}],"wp:attachment":[{"href":"https:\/\/fmtinkunaco.ar\/index.php?rest_route=%2Fwp%2Fv2%2Fmedia&parent=1946"}],"wp:term":[{"taxonomy":"category","embeddable":true,"href":"https:\/\/fmtinkunaco.ar\/index.php?rest_route=%2Fwp%2Fv2%2Fcategories&post=1946"},{"taxonomy":"post_tag","embeddable":true,"href":"https:\/\/fmtinkunaco.ar\/index.php?rest_route=%2Fwp%2Fv2%2Ftags&post=1946"}],"curies":[{"name":"wp","href":"https:\/\/api.w.org\/{rel}","templated":true}]}}