{"id":1950,"date":"2020-04-23T09:42:20","date_gmt":"2020-04-23T12:42:20","guid":{"rendered":"http:\/\/fmtinkunaco.com.ar\/?p=1950"},"modified":"2020-04-23T09:42:20","modified_gmt":"2020-04-23T12:42:20","slug":"vecinos-unidos-de-san-atilio-denuncia-quema-de-basura-en-cuarentena-por-parte-del-municipio-paceno","status":"publish","type":"post","link":"https:\/\/fmtinkunaco.ar\/?p=1950","title":{"rendered":"Vecinos Unidos de San Atilio denuncia quema de basura en cuarentena por parte del municipio pace\u00f1o"},"content":{"rendered":"<p>La quema de basura, las columnas de humo volvieron a ser un panorama cotidiano en el barrio San Atilio. Desde la organizaci\u00f3n vecinos unidos de San Atilio hicieron una denuncia p\u00fablica con fotos de los camiones municipales ingresando gran cantidad de basura al predio que limita con la localidad de Presidente Derqui.<\/p>\n<p>En di\u00e1logo con el programa radial \u201cEncuentro con las Noticias\u201d, Iv\u00e1n Ponce, integrante de Vecinos Unidos de San Atilio, explicit\u00f3 la denuncia, <em>\u201cEn el medio de que la poblaci\u00f3n de San Atilio, los barrios aleda\u00f1os, estamos tratando de cumplir la cuarentena qued\u00e1ndonos en nuestras casas para evitar el contagio del Coronavirus, tenemos que lidiar lamentablemente con el municipio de Jos\u00e9. C. Paz y la intendencia de Mario Ishii que nos est\u00e1 intoxicando con basura, con humo, y con muchas cosas t\u00f3xicas que nos est\u00e1n afectando nuestra vida diaria.<\/em><br \/>\n<em> Particularmente, nosotros estamos denunciando es que desde hace unos d\u00edas hay un humo, principalmente un olor nauseabundo y muy fuerte que esta invadiendo el barrio San Atilio y los barrios aleda\u00f1os y que proviene del predio del basural\u201d<\/em>.<\/p>\n<p><a href=\"http:\/\/fmtinkunaco.com.ar\/files\/2020\/04\/94485166_813659405827735_1582973247060705280_n-1.jpg\"><img loading=\"lazy\" decoding=\"async\" class=\"aligncenter size-full wp-image-1952\" src=\"http:\/\/fmtinkunaco.com.ar\/files\/2020\/04\/94485166_813659405827735_1582973247060705280_n-1.jpg\" alt=\"\" width=\"720\" height=\"960\" \/><\/a><\/p>\n<p>Ponce, adem\u00e1s, remarco \u201c<em>Nosotros salimos a responsabilizar al municipio de Jos\u00e9. C. Paz porque entendemos que luego de la marcha que nosotros hab\u00edamos hecho el a\u00f1o pasado luego de las elecciones, hab\u00eda mermado considerablemente el ingreso de camiones al predio del basural. Sin embargo, notamos que desde que se declar\u00f3 la cuarentena empezaron a ingresar much\u00edsimos camiones nuevamente, con ramas pero tambi\u00e9n con neum\u00e1ticos y todo tipo de basura, que se prenden fuego y son los que afectan luego a todo el barrio\u201d<\/em>.<\/p>\n<p>Vecinos Unidos de San Atilio, espera obtener respuestas del municipio, provincia o naci\u00f3n.<\/p>\n<p>&nbsp;<\/p>\n","protected":false},"excerpt":{"rendered":"<p>La quema de basura, las columnas de humo volvieron a ser un panorama cotidiano en el barrio San Atilio. Desde la organizaci\u00f3n vecinos unidos de San Atilio hicieron una denuncia p\u00fablica con fotos de los camiones municipales ingresando gran cantidad de basura al predio que limita con la localidad de Presidente Derqui. En di\u00e1logo con [&hellip;]<\/p>\n","protected":false},"author":1,"featured_media":1951,"comment_status":"open","ping_status":"open","sticky":false,"template":"","format":"standard","meta":{"footnotes":""},"categories":[4],"tags":[337,513],"class_list":["post-1950","post","type-post","status-publish","format-standard","has-post-thumbnail","hentry","category-derechos-humanos","tag-municipio-de-jose-c-paz","tag-vecinos-unidos-de-san-atilio"],"_links":{"self":[{"href":"https:\/\/fmtinkunaco.ar\/index.php?rest_route=\/wp\/v2\/posts\/1950","targetHints":{"allow":["GET"]}}],"collection":[{"href":"https:\/\/fmtinkunaco.ar\/index.php?rest_route=\/wp\/v2\/posts"}],"about":[{"href":"https:\/\/fmtinkunaco.ar\/index.php?rest_route=\/wp\/v2\/types\/post"}],"author":[{"embeddable":true,"href":"https:\/\/fmtinkunaco.ar\/index.php?rest_route=\/wp\/v2\/users\/1"}],"replies":[{"embeddable":true,"href":"https:\/\/fmtinkunaco.ar\/index.php?rest_route=%2Fwp%2Fv2%2Fcomments&post=1950"}],"version-history":[{"count":0,"href":"https:\/\/fmtinkunaco.ar\/index.php?rest_route=\/wp\/v2\/posts\/1950\/revisions"}],"wp:featuredmedia":[{"embeddable":true,"href":"https:\/\/fmtinkunaco.ar\/index.php?rest_route=\/"}],"wp:attachment":[{"href":"https:\/\/fmtinkunaco.ar\/index.php?rest_route=%2Fwp%2Fv2%2Fmedia&parent=1950"}],"wp:term":[{"taxonomy":"category","embeddable":true,"href":"https:\/\/fmtinkunaco.ar\/index.php?rest_route=%2Fwp%2Fv2%2Fcategories&post=1950"},{"taxonomy":"post_tag","embeddable":true,"href":"https:\/\/fmtinkunaco.ar\/index.php?rest_route=%2Fwp%2Fv2%2Ftags&post=1950"}],"curies":[{"name":"wp","href":"https:\/\/api.w.org\/{rel}","templated":true}]}}