{"id":1956,"date":"2020-04-24T11:36:20","date_gmt":"2020-04-24T14:36:20","guid":{"rendered":"http:\/\/fmtinkunaco.com.ar\/?p=1956"},"modified":"2020-04-24T11:36:20","modified_gmt":"2020-04-24T14:36:20","slug":"trabajadores-del-hospital-mercante-exigen-insumos-sanitarios-esenciales","status":"publish","type":"post","link":"https:\/\/fmtinkunaco.ar\/?p=1956","title":{"rendered":"Trabajadores del Hospital Mercante exigen insumos sanitarios esenciales"},"content":{"rendered":"<p>La pandemia mundial dej\u00f3 al descubierto, a\u00fan m\u00e1s, la situaci\u00f3n de la salud y de los trabajadores y trabajadoras sanitarias, que hoy se encuentran denunciando la falta de insumos.<\/p>\n<p>En di\u00e1logo con el programa radial \u201cEncuentro con las Noticias\u201d, Silvia Couder, trabajadora del Hospital Mercante, se refiri\u00f3 a la situaci\u00f3n que est\u00e1n viviendo en el marco de la pandemia, <em>\u201cNosotros en el Hospital Mercante, hoy por hoy, no tenemos los elementos de cuidado de bioseguridad; cada uno de nosotres estamos como trayendo nuestros propios tapabocas y las cuestiones de cuidado, con lo cual la verdad que estamos todo el tiempo en alerta. (\u2026)<\/em><br \/>\n<em> Tambi\u00e9n nos paso que ha aparecido gente con otros s\u00edntomas que no son compatibles con los que nos dicen, con lo cual tambi\u00e9n genera m\u00e1s preocupaci\u00f3n, porque despu\u00e9s sale en el diagnostico que tiene coronavirus y los m\u00e9dicos no tomaron los resguardos necesarios para estos casos\u201d.<\/em><\/p>\n<p>En esta l\u00ednea, Couder, adem\u00e1s remarco que el Hospital Mercante responde al protocolo provincial y que el mismo remarca que los trabajadores deben ser prove\u00eddos de insumos, <em>\u201cDentro del protocolo est\u00e1 que nos tienen que proveer, por eso no s\u00e9 si es por falta de insumos, porque no bajan los insumos o es porque cada uno maneja su propio protocolo y no se maneja con los protocolos provinciales. Por eso estamos desde CICOP y desde las diferentes organizaciones gremiales, estando atentos a esta situaci\u00f3n\u201d<\/em>.<\/p>\n<p>Es de p\u00fablico conocimiento la situaci\u00f3n de los centros de atenci\u00f3n primaria de la salud, vecinos y vecinas pace\u00f1as, desde hace 4 a\u00f1os, denuncian el sistem\u00e1tico desmantelamiento del primer nivel sanitario.<br \/>\nY Silvia Couder, remarca, lo necesario de que cada CAPS funcione y tenga insumos con el fin de que no se colapse el segundo nivel de atenci\u00f3n, <em>\u201cJos\u00e9. C. Paz tiene que abrir los centros, encontrar la manera para hacer los diagn\u00f3sticos precoces porque sino el hospital se va a colapsar con la cantidad de pacientes y no vemos a dar abasto, y no hay un sistema que contenga y que atienda las cuestiones menores, que no son menores, pero la idea es que no se colapse el sistema con un mont\u00f3n de otras cuestiones de salud con las que ya ven\u00edamos con problemas de antes\u201d<\/em>.<\/p>\n<p>Finalmente, Couder, explic\u00f3 que el di\u00e1logo con el municipio siempre fue complicado y, en este contexto, s\u00f3lo se ha agravado, <em>\u201cCon el municipio nunca hubo dialogo, entre el hospital provincial y la secretaria de salud de la municipalidad, hay un cortocircuito desde hace mucho tiempo por diferentes situaciones. Y esto se ve agravado ahora, y por otro lado la mayor\u00eda de la poblaci\u00f3n sabe que en los centros de salud no hay una atenci\u00f3n primaria, ya hab\u00eda un corrimiento de que los centros de salud se quer\u00edan cerrar, no se cerraron pero est\u00e1n totalmente vaciados. \u201d<\/em><\/p>\n<p>Compartimos la entrevista completa<\/p>\n<p><a href=\"https:\/\/archive.org\/details\/audio-silvia-couder-24-04-2020\">Descargar<\/a><\/p>\n","protected":false},"excerpt":{"rendered":"<p>La pandemia mundial dej\u00f3 al descubierto, a\u00fan m\u00e1s, la situaci\u00f3n de la salud y de los trabajadores y trabajadoras sanitarias, que hoy se encuentran denunciando la falta de insumos. En di\u00e1logo con el programa radial \u201cEncuentro con las Noticias\u201d, Silvia Couder, trabajadora del Hospital Mercante, se refiri\u00f3 a la situaci\u00f3n que est\u00e1n viviendo en el [&hellip;]<\/p>\n","protected":false},"author":1,"featured_media":1957,"comment_status":"open","ping_status":"open","sticky":false,"template":"","format":"standard","meta":{"footnotes":""},"categories":[7],"tags":[337,442],"class_list":["post-1956","post","type-post","status-publish","format-standard","has-post-thumbnail","hentry","category-salud","tag-municipio-de-jose-c-paz","tag-salud"],"_links":{"self":[{"href":"https:\/\/fmtinkunaco.ar\/index.php?rest_route=\/wp\/v2\/posts\/1956","targetHints":{"allow":["GET"]}}],"collection":[{"href":"https:\/\/fmtinkunaco.ar\/index.php?rest_route=\/wp\/v2\/posts"}],"about":[{"href":"https:\/\/fmtinkunaco.ar\/index.php?rest_route=\/wp\/v2\/types\/post"}],"author":[{"embeddable":true,"href":"https:\/\/fmtinkunaco.ar\/index.php?rest_route=\/wp\/v2\/users\/1"}],"replies":[{"embeddable":true,"href":"https:\/\/fmtinkunaco.ar\/index.php?rest_route=%2Fwp%2Fv2%2Fcomments&post=1956"}],"version-history":[{"count":0,"href":"https:\/\/fmtinkunaco.ar\/index.php?rest_route=\/wp\/v2\/posts\/1956\/revisions"}],"wp:featuredmedia":[{"embeddable":true,"href":"https:\/\/fmtinkunaco.ar\/index.php?rest_route=\/"}],"wp:attachment":[{"href":"https:\/\/fmtinkunaco.ar\/index.php?rest_route=%2Fwp%2Fv2%2Fmedia&parent=1956"}],"wp:term":[{"taxonomy":"category","embeddable":true,"href":"https:\/\/fmtinkunaco.ar\/index.php?rest_route=%2Fwp%2Fv2%2Fcategories&post=1956"},{"taxonomy":"post_tag","embeddable":true,"href":"https:\/\/fmtinkunaco.ar\/index.php?rest_route=%2Fwp%2Fv2%2Ftags&post=1956"}],"curies":[{"name":"wp","href":"https:\/\/api.w.org\/{rel}","templated":true}]}}