{"id":1961,"date":"2020-04-25T14:08:56","date_gmt":"2020-04-25T17:08:56","guid":{"rendered":"http:\/\/fmtinkunaco.com.ar\/?p=1961"},"modified":"2020-04-25T14:08:56","modified_gmt":"2020-04-25T17:08:56","slug":"elsa-basterra-repatriada-de-colombia-a-jose-c-paz","status":"publish","type":"post","link":"https:\/\/fmtinkunaco.ar\/?p=1961","title":{"rendered":"Elsa Basterra: Repatriada de Colombia a Jos\u00e9. C. Paz"},"content":{"rendered":"<p>Frente a la situaci\u00f3n mundial, a causa de la propagaci\u00f3n del Coronavirus \u2013 COVID 19, el gobierno nacional impulso la repatriaci\u00f3n de argentinos y argentinas que se encontraban en difentes puntos de Latinoam\u00e9rica y el mundo.<\/p>\n<p>Desde que se decret\u00f3 el Aislamiento Social, Preventivo y Obligatorio, Aerol\u00edneas Argentinas comenz\u00f3 a realizar vuelos especiales de repatriaci\u00f3n, bajo las medidas sanitarias necesarias y de cuidado.<\/p>\n<p>En Jos\u00e9. C. Paz, el d\u00eda 8 de abril, lleg\u00f3 repatriada la vecina Elsa Basterra junt\u00f3 a su compa\u00f1ero desde Colombia.<\/p>\n<p>En di\u00e1logo con el programa radial \u201cEncuentro con las Noticias\u201d, Elsa Basterra, decribi\u00f3 en principio que la empresa con la que viajaron LATAM, no di\u00f3 ning\u00fan tipo de respuesta a sus clientes y desapareci\u00f3, <em>\u201cLa empresa con la que nosotros viajamos, LATAM, despareci\u00f3. Nosotros ten\u00edamos que volver el 12 de abril y esa empresa, no nos comunic\u00f3 nada, directamente dijo que lo pasaba al 1 de mayo. Pero cuando volvimos, nos enteremos que ya cerr\u00f3 en todos lados\u201d<\/em>.<\/p>\n<p>Adem\u00e1s, Basterra, remarc\u00f3 la preocupaci\u00f3n de los familiares que quedaron en Argentina, frente a la suspensi\u00f3n del viaje programado y a la propagaci\u00f3n del COVID 19, y como fue el accionar de la Canciller\u00eda Argentina, <em>\u201cMis hijas ac\u00e1 estaban muy preocupadas cuando empieza a circular todo esto del coronavirus y entonces, se preocupan y por medio de otro conocido llegan a la parte de Canciller\u00eda y la verdad que gracias a ellos que nos ayudaron fue.<\/em><br \/>\n<em>(\u2026) Nosotros volvimos el d\u00eda 8 y el d\u00eda 4 nos llamaron mis hijas y nos dijeron, vuelven. Pero el asunto era que volv\u00edamos\u00a0desde Bogot\u00e1 y no es f\u00e1cil, son muy jodidas las rutas porque estaban cerrados los micros, ten\u00edas que conseguir qui\u00e9n te lleve a Bogot\u00e1. Pero la pareja donde nosotras paramos, por suerte, se hab\u00edan\u00a0comprado un auto y hab\u00edan\u00a0aprendido a manejar; as\u00ed que ella pidi\u00f3 un permiso especial de canciller\u00eda y nos pudieron llevar hasta Bogot\u00e1. Pero todo fue en un par de d\u00edas, todo fue muy estresante. Esa noche la pasamos en un hotel y al otro d\u00eda fuimos al aeropuerto, y hab\u00eda\u00a0una cola inmensa para subir al avi\u00f3n de Aerol\u00edneas pero como a nosotros nos esperaban los de canciller\u00eda en la puerta, nos llevaron directamente porque nos hab\u00edan puesto en una instancia de prioridad, como personas mayores con enfermedades preexistentes\u201d<\/em>.<\/p>\n<p>Elsa Basterra, finalmente, remarc\u00f3 que antes de descender del avi\u00f3n les hicieron firmar un documento donde se compromet\u00edan a cumplir con los 14 d\u00edas de aislamiento total, y describi\u00f3 la felicidad de volver al pa\u00eds, <em>\u201cArriba del avi\u00f3n nos hicieron firmar que nos compromet\u00edamos en determinado lugar, y pusimos la direcci\u00f3n de mi casa, que estamos bastante apartados. As\u00ed que ayer fue el primer d\u00eda que salimos. La verdad estamos felices de estar en Argentina porque hemos pasado momentos muy estresantes\u201d<\/em>.<\/p>\n<p>En el \u00faltimo informe difundido por Canciller\u00eda, durante el per\u00edodo entre el 17 de marzo y el 19 de abril, unas 189.633 personas hicieron los tr\u00e1mites para regresar a la Argentina. Por v\u00eda terrestre, a\u00e9rea o fluvial, informaron ya regres\u00f3 el 88,7% y, hasta el 20 de abril, un 11,3% todav\u00eda estaba sin respuestas. Este porcentaje equivale a unos 21.493 ciudadanos.<\/p>\n","protected":false},"excerpt":{"rendered":"<p>Frente a la situaci\u00f3n mundial, a causa de la propagaci\u00f3n del Coronavirus \u2013 COVID 19, el gobierno nacional impulso la repatriaci\u00f3n de argentinos y argentinas que se encontraban en difentes puntos de Latinoam\u00e9rica y el mundo. Desde que se decret\u00f3 el Aislamiento Social, Preventivo y Obligatorio, Aerol\u00edneas Argentinas comenz\u00f3 a realizar vuelos especiales de repatriaci\u00f3n, [&hellip;]<\/p>\n","protected":false},"author":1,"featured_media":1962,"comment_status":"open","ping_status":"open","sticky":false,"template":"","format":"standard","meta":{"footnotes":""},"categories":[4,9],"tags":[135,138,337,429],"class_list":["post-1961","post","type-post","status-publish","format-standard","has-post-thumbnail","hentry","category-derechos-humanos","category-sociedad","tag-coronavirus","tag-covid-19","tag-municipio-de-jose-c-paz","tag-repatriacion"],"_links":{"self":[{"href":"https:\/\/fmtinkunaco.ar\/index.php?rest_route=\/wp\/v2\/posts\/1961","targetHints":{"allow":["GET"]}}],"collection":[{"href":"https:\/\/fmtinkunaco.ar\/index.php?rest_route=\/wp\/v2\/posts"}],"about":[{"href":"https:\/\/fmtinkunaco.ar\/index.php?rest_route=\/wp\/v2\/types\/post"}],"author":[{"embeddable":true,"href":"https:\/\/fmtinkunaco.ar\/index.php?rest_route=\/wp\/v2\/users\/1"}],"replies":[{"embeddable":true,"href":"https:\/\/fmtinkunaco.ar\/index.php?rest_route=%2Fwp%2Fv2%2Fcomments&post=1961"}],"version-history":[{"count":0,"href":"https:\/\/fmtinkunaco.ar\/index.php?rest_route=\/wp\/v2\/posts\/1961\/revisions"}],"wp:featuredmedia":[{"embeddable":true,"href":"https:\/\/fmtinkunaco.ar\/index.php?rest_route=\/"}],"wp:attachment":[{"href":"https:\/\/fmtinkunaco.ar\/index.php?rest_route=%2Fwp%2Fv2%2Fmedia&parent=1961"}],"wp:term":[{"taxonomy":"category","embeddable":true,"href":"https:\/\/fmtinkunaco.ar\/index.php?rest_route=%2Fwp%2Fv2%2Fcategories&post=1961"},{"taxonomy":"post_tag","embeddable":true,"href":"https:\/\/fmtinkunaco.ar\/index.php?rest_route=%2Fwp%2Fv2%2Ftags&post=1961"}],"curies":[{"name":"wp","href":"https:\/\/api.w.org\/{rel}","templated":true}]}}