{"id":1965,"date":"2020-04-27T11:23:35","date_gmt":"2020-04-27T14:23:35","guid":{"rendered":"http:\/\/fmtinkunaco.com.ar\/?p=1965"},"modified":"2020-04-27T11:23:35","modified_gmt":"2020-04-27T14:23:35","slug":"san-miguel-reorganiza-la-vacunacion-antigripal","status":"publish","type":"post","link":"https:\/\/fmtinkunaco.ar\/?p=1965","title":{"rendered":"San Miguel: Reorganiza la vacunaci\u00f3n antigripal"},"content":{"rendered":"<p>Frente a la propagaci\u00f3n de la pandemia, los municipios de la regi\u00f3n se vieron obligados a reorganizar su sistema de salud para dar respuestas a la emergencia sanitaria. De modo que la campa\u00f1a de vacunaci\u00f3n de este a\u00f1o, fue reorganizada.<\/p>\n<p>En San Miguel, hasta el momento, se han conformado 2 espacios de aislamiento social, para los casos confirmados o que se encuentran a la espera de los resultados, y no pueden realizar\u00a0 la cuarentena en sus casas.<\/p>\n<p>En di\u00e1logo con el programa radial \u201cEncuentro con las Noticias\u201d, Cecilia Falc\u00f3n, Trabajadora Social del municipio de San Miguel, se refiri\u00f3 a la organizaci\u00f3n de la campa\u00f1a de vacunaci\u00f3n en el marco del COVID 19, <em>\u201cHubo algunos faltantes por eso se empez\u00f3 a vacunar por turnos, y no por demanda como empez\u00f3 al principio y esto creo que hizo que se ordenara much\u00edsimo m\u00e1s, siempre teniendo en cuenta los grupos de riesgos. Nosotros para esta fecha siempre estamos atentos y atentas a las enfermedades respiratorias y este caso, en el contexto del COVID 19, obviamente que eso es una preocupaci\u00f3n no favorable y es lo que no venia pasando los \u00faltimos a\u00f1os, es que la vacuna lleg\u00f3 a tiempo y estamos en un tiempo optimo de la campa\u00f1a de vacunaci\u00f3n\u201d<\/em>.<\/p>\n<p>Falc\u00f3n, adem\u00e1s, remarc\u00f3 el modo de organizaci\u00f3n sanitaria de San Miguel, frente a la emergencia sanitaria, <em>\u201cSe armaron dos espacios, como es el Colegio M\u00e1ximo uno para contar con camas en el caso del aislamiento obligatorio en personas que est\u00e1n esperando el hisopado o ya son positivas y tienen que realizar el aislamiento obligatorio; se design\u00f3 personal para esos lugares, dentro del sistema de salud que ya estaban trabajando en el Hospital Larcade, en el Santa Mar\u00eda o en el Mataldi, para contar con esos espacios y esas camas, pero lo que es sistema privado y p\u00fablico en conjunto, no tenemos novedades\u201d<\/em>.<\/p>\n<p>La Regi\u00f3n Sanitaria V tiene un 20 % de los contagios de coronavirus en el personal sanitario<\/p>\n<p>Lamentablemente, los trabajadores y las trabajadoras de salud del partido de San Miguel, no se encuentran excluidos de la falta de insumos y de material adecuado, para tratar la pandemia, as\u00ed lo describi\u00f3 Cecilia Falc\u00f3n, <em>\u201cNo contamos con el material adecuado, ni tampoco las cantidades adecuadas; (\u2026) \u00a0\u00a0as\u00ed que eso lo estamos padeciendo bastante. Por ejemplo, en regi\u00f3n V nosotros tenemos los casos confirmados en trabajadores de la salud, en un 20% y la verdad que es alarmante porque estamos s\u00faper expuestos, as\u00ed que es una preocupaci\u00f3n. Ac\u00e1 tomamos las medidas necesarias entre el distanciamiento y tratar de mantener la higiene\u201d<\/em>.<\/p>\n<p>Actualmente, en San Miguel, se registran 37 casos confirmados de COVID 19; 48 casos en estudio a la espera de resultados y 4 personas fallecidas.<\/p>\n<p>Compartimos entrevista<\/p>\n<p><a href=\"https:\/\/archive.org\/details\/audio-cecilia-falcon-27-04-2020\">Descargar<\/a><\/p>\n","protected":false},"excerpt":{"rendered":"<p>Frente a la propagaci\u00f3n de la pandemia, los municipios de la regi\u00f3n se vieron obligados a reorganizar su sistema de salud para dar respuestas a la emergencia sanitaria. De modo que la campa\u00f1a de vacunaci\u00f3n de este a\u00f1o, fue reorganizada. En San Miguel, hasta el momento, se han conformado 2 espacios de aislamiento social, para [&hellip;]<\/p>\n","protected":false},"author":1,"featured_media":1966,"comment_status":"open","ping_status":"open","sticky":false,"template":"","format":"standard","meta":{"footnotes":""},"categories":[7],"tags":[73,138],"class_list":["post-1965","post","type-post","status-publish","format-standard","has-post-thumbnail","hentry","category-salud","tag-campana-de-vacunacion","tag-covid-19"],"_links":{"self":[{"href":"https:\/\/fmtinkunaco.ar\/index.php?rest_route=\/wp\/v2\/posts\/1965","targetHints":{"allow":["GET"]}}],"collection":[{"href":"https:\/\/fmtinkunaco.ar\/index.php?rest_route=\/wp\/v2\/posts"}],"about":[{"href":"https:\/\/fmtinkunaco.ar\/index.php?rest_route=\/wp\/v2\/types\/post"}],"author":[{"embeddable":true,"href":"https:\/\/fmtinkunaco.ar\/index.php?rest_route=\/wp\/v2\/users\/1"}],"replies":[{"embeddable":true,"href":"https:\/\/fmtinkunaco.ar\/index.php?rest_route=%2Fwp%2Fv2%2Fcomments&post=1965"}],"version-history":[{"count":0,"href":"https:\/\/fmtinkunaco.ar\/index.php?rest_route=\/wp\/v2\/posts\/1965\/revisions"}],"wp:featuredmedia":[{"embeddable":true,"href":"https:\/\/fmtinkunaco.ar\/index.php?rest_route=\/"}],"wp:attachment":[{"href":"https:\/\/fmtinkunaco.ar\/index.php?rest_route=%2Fwp%2Fv2%2Fmedia&parent=1965"}],"wp:term":[{"taxonomy":"category","embeddable":true,"href":"https:\/\/fmtinkunaco.ar\/index.php?rest_route=%2Fwp%2Fv2%2Fcategories&post=1965"},{"taxonomy":"post_tag","embeddable":true,"href":"https:\/\/fmtinkunaco.ar\/index.php?rest_route=%2Fwp%2Fv2%2Ftags&post=1965"}],"curies":[{"name":"wp","href":"https:\/\/api.w.org\/{rel}","templated":true}]}}