{"id":1968,"date":"2020-04-28T10:00:49","date_gmt":"2020-04-28T13:00:49","guid":{"rendered":"http:\/\/fmtinkunaco.com.ar\/?p=1968"},"modified":"2020-04-28T10:00:49","modified_gmt":"2020-04-28T13:00:49","slug":"la-asamblea-de-tortuguitas-se-organiza-frente-a-la-emergencia-alimentaria","status":"publish","type":"post","link":"https:\/\/fmtinkunaco.ar\/?p=1968","title":{"rendered":"La Asamblea de Tortuguitas se organiza frente a la emergencia alimentaria"},"content":{"rendered":"<p>La Asamblea de Tortuguitas, naci\u00f3 en marzo del 2002 como consecuencia de la crisis de diciembre del 2001 y la aparici\u00f3n de varias asambleas populares y vecinales. Con motivo de la reuni\u00f3n que organiz\u00f3 el concejal Ferraud, algunos vecinos tomaron el micr\u00f3fono y propusieron hacer una asamblea semanalmente.<\/p>\n<p>18 a\u00f1os despu\u00e9s, la asamblea se sigue organizando para dar respuestas a las demandas de la comunidad.<\/p>\n<p>En di\u00e1logo con el programa radial \u201cEncuentro con las Noticias\u201d, Juan Quintana, referente de la Asamblea de Tortuguitas, se refiri\u00f3 a las acciones de la asamblea en el contexto de cuarentena y emergencia alimentaria, <em>\u201cLa asamblea de Tortuguitas tiene una asistencia a varias familias por medio de donaciones de algunos actores, trabajadores que en principio hac\u00edan una donaci\u00f3n de leche, hasta el a\u00f1o pasado porque verificamos la falta de tomar leche en muchos ni\u00f1os y conjuntamente con nuestra imposibilidad de instrumentar un merendero, que lo hemos hecho, pero no da el cuero para garantizarlo, es una responsabilidad muy grande.<\/em><br \/>\n<em>Entonces entreg\u00e1bamos leche de donaci\u00f3n y este a\u00f1o, con la pandemia, lo que fue la metodolog\u00eda es que depositen plata en mi cuenta para que yo compre y reparta\u201d<\/em>.<\/p>\n<p>Adem\u00e1s, Quintana, se refiri\u00f3 a la reorganizaci\u00f3n de la mercader\u00eda brindada por la asamblea, a ra\u00edz de las necesidades que quedaron expuestas en la \u00faltima entrega de leche, <em>\u201cEn marzo compramos leche pero en esa recorrida hemos visto que falta mercader\u00eda, que falta qu\u00e9 comer; entonces la leche est\u00e1 bien en los chicos pero tienen que comer tambi\u00e9n. Entonces este mes, en abril, con las donaciones que recibimos hemos podido comprar 9 art\u00edculos para 25 familias\u201d<\/em>.<\/p>\n<p>Finalmente, Juan Quintana, remarc\u00f3 que s\u00ed bien actualmente existe una respuesta a la emergencia alimentaria, por parte de las autoridades, la soluci\u00f3n no es profunda,<em> \u201cEn general hay una atenci\u00f3n hacia el problema alimentario, el municipio lo est\u00e1 atendiendo y tambi\u00e9n el sistema alimentario escolar que depende de provincia, y dos veces por mes se est\u00e1 entregando una bolsa en los colegios. Y tambi\u00e9n el municipio por pedido de referentes sociales que detectamos quienes est\u00e1n en problemas acercan, tambi\u00e9n, una bolsa de alimentos a las personas que lo necesitan.<\/em><br \/>\n<em>Esto se est\u00e1 atendiendo, pero dentro del grado de pobreza que hay, en principio la ayuda es para sostener\u201d<\/em>.<\/p>\n<p>Compartimos la entrevista completa<\/p>\n<p><a href=\"https:\/\/archive.org\/details\/audio-juan-quintana-27-04\">Descargar<\/a><\/p>\n","protected":false},"excerpt":{"rendered":"<p>La Asamblea de Tortuguitas, naci\u00f3 en marzo del 2002 como consecuencia de la crisis de diciembre del 2001 y la aparici\u00f3n de varias asambleas populares y vecinales. Con motivo de la reuni\u00f3n que organiz\u00f3 el concejal Ferraud, algunos vecinos tomaron el micr\u00f3fono y propusieron hacer una asamblea semanalmente. 18 a\u00f1os despu\u00e9s, la asamblea se sigue [&hellip;]<\/p>\n","protected":false},"author":1,"featured_media":1970,"comment_status":"open","ping_status":"open","sticky":false,"template":"","format":"standard","meta":{"footnotes":""},"categories":[4,9],"tags":[48,294],"class_list":["post-1968","post","type-post","status-publish","format-standard","has-post-thumbnail","hentry","category-derechos-humanos","category-sociedad","tag-asamblea-de-tortuguitas","tag-malvinas-argentinas"],"_links":{"self":[{"href":"https:\/\/fmtinkunaco.ar\/index.php?rest_route=\/wp\/v2\/posts\/1968","targetHints":{"allow":["GET"]}}],"collection":[{"href":"https:\/\/fmtinkunaco.ar\/index.php?rest_route=\/wp\/v2\/posts"}],"about":[{"href":"https:\/\/fmtinkunaco.ar\/index.php?rest_route=\/wp\/v2\/types\/post"}],"author":[{"embeddable":true,"href":"https:\/\/fmtinkunaco.ar\/index.php?rest_route=\/wp\/v2\/users\/1"}],"replies":[{"embeddable":true,"href":"https:\/\/fmtinkunaco.ar\/index.php?rest_route=%2Fwp%2Fv2%2Fcomments&post=1968"}],"version-history":[{"count":0,"href":"https:\/\/fmtinkunaco.ar\/index.php?rest_route=\/wp\/v2\/posts\/1968\/revisions"}],"wp:featuredmedia":[{"embeddable":true,"href":"https:\/\/fmtinkunaco.ar\/index.php?rest_route=\/"}],"wp:attachment":[{"href":"https:\/\/fmtinkunaco.ar\/index.php?rest_route=%2Fwp%2Fv2%2Fmedia&parent=1968"}],"wp:term":[{"taxonomy":"category","embeddable":true,"href":"https:\/\/fmtinkunaco.ar\/index.php?rest_route=%2Fwp%2Fv2%2Fcategories&post=1968"},{"taxonomy":"post_tag","embeddable":true,"href":"https:\/\/fmtinkunaco.ar\/index.php?rest_route=%2Fwp%2Fv2%2Ftags&post=1968"}],"curies":[{"name":"wp","href":"https:\/\/api.w.org\/{rel}","templated":true}]}}