{"id":1971,"date":"2020-04-28T10:30:33","date_gmt":"2020-04-28T13:30:33","guid":{"rendered":"http:\/\/fmtinkunaco.com.ar\/?p=1971"},"modified":"2020-04-28T10:30:33","modified_gmt":"2020-04-28T13:30:33","slug":"olla-comunitaria-y-cultural-en-el-culebron-timbal","status":"publish","type":"post","link":"https:\/\/fmtinkunaco.ar\/?p=1971","title":{"rendered":"Olla Comunitaria y Cultural en el Culebr\u00f3n Timbal"},"content":{"rendered":"<p>En el marco del aislamiento social decretado a partir de la propagaci\u00f3n del COVID 19, ha quedado m\u00e1s expuesta la emergencia sanitaria que diferentes sectores y movimientos ven\u00edan denunciando hace tiempo.<\/p>\n<p>La obligatoriedad de la cuarentena, impide el ingreso de recursos a aquellas familias que viven al d\u00eda, es por esto que diferentes espacios han comenzado a organizar ollas populares.<br \/>\nEn Moreno, se encuentra realizando 100 raciones diarias, el Culebr\u00f3n Timbal.<\/p>\n<p>En di\u00e1logo con el programa radial \u201cEncuentro con las Noticias\u201d, Eduardo Bal\u00e1n, referente de El Culebr\u00f3n Timbal, se refiri\u00f3 a la necesidad del barrio que los impulso a focalizar en esta iniciativa, <em>\u201cAl principio cre\u00edamos que con un programa de radio pod\u00edamos mantener el vinculo, pero despu\u00e9s a medida que fueron pasando los d\u00edas tambi\u00e9n nos dimos cuenta que la situaci\u00f3n social era dram\u00e1tica para muchas familias y un poco en sinfon\u00eda con algo que se est\u00e1 viendo en todo el conurbano y bueno, decidimos reorientar\u00a0 todo el esfuerzo del equipo a brindar un servicio al barrio que hoy es muy necesario y que tiene que ver con ayudar un poco a la alimentaci\u00f3n en los hogares\u201d<\/em>.<\/p>\n<p>Adem\u00e1s, Balan, relat\u00f3 que la mercader\u00eda que tienen les permite sustentar la olla por 15 d\u00edas, pero prev\u00e9n buscar m\u00e1s recursos porque entienden la necesidad del alimento, <em>\u201cPor un lado salimos a buscar alimento con organizaciones sociales, con movimientos y logramos una primer tanda de alimentos con las que arrancar y despu\u00e9s\u00a0\u00a0 hicimos un esfuerzo econ\u00f3mico de la organizaci\u00f3n y poner recursos que ten\u00edamos destinados a otras cosas, lo vamos a poner en esto. La idea es garantizar, por lo menos, un par de semanas de 100 raciones diarias de comida, por lo menos por los pr\u00f3ximos 15 d\u00edas y en el medio salir a buscar recursos para continuar\u201d<\/em>.<\/p>\n<p>Compartimos la entrevista completa<\/p>\n<p>Descargar<\/p>\n","protected":false},"excerpt":{"rendered":"<p>En el marco del aislamiento social decretado a partir de la propagaci\u00f3n del COVID 19, ha quedado m\u00e1s expuesta la emergencia sanitaria que diferentes sectores y movimientos ven\u00edan denunciando hace tiempo. La obligatoriedad de la cuarentena, impide el ingreso de recursos a aquellas familias que viven al d\u00eda, es por esto que diferentes espacios han [&hellip;]<\/p>\n","protected":false},"author":1,"featured_media":1972,"comment_status":"open","ping_status":"open","sticky":false,"template":"","format":"standard","meta":{"footnotes":""},"categories":[3,4,9],"tags":[180,325],"class_list":["post-1971","post","type-post","status-publish","format-standard","has-post-thumbnail","hentry","category-cultura","category-derechos-humanos","category-sociedad","tag-el-culebron-timbal","tag-moreno"],"_links":{"self":[{"href":"https:\/\/fmtinkunaco.ar\/index.php?rest_route=\/wp\/v2\/posts\/1971","targetHints":{"allow":["GET"]}}],"collection":[{"href":"https:\/\/fmtinkunaco.ar\/index.php?rest_route=\/wp\/v2\/posts"}],"about":[{"href":"https:\/\/fmtinkunaco.ar\/index.php?rest_route=\/wp\/v2\/types\/post"}],"author":[{"embeddable":true,"href":"https:\/\/fmtinkunaco.ar\/index.php?rest_route=\/wp\/v2\/users\/1"}],"replies":[{"embeddable":true,"href":"https:\/\/fmtinkunaco.ar\/index.php?rest_route=%2Fwp%2Fv2%2Fcomments&post=1971"}],"version-history":[{"count":0,"href":"https:\/\/fmtinkunaco.ar\/index.php?rest_route=\/wp\/v2\/posts\/1971\/revisions"}],"wp:featuredmedia":[{"embeddable":true,"href":"https:\/\/fmtinkunaco.ar\/index.php?rest_route=\/"}],"wp:attachment":[{"href":"https:\/\/fmtinkunaco.ar\/index.php?rest_route=%2Fwp%2Fv2%2Fmedia&parent=1971"}],"wp:term":[{"taxonomy":"category","embeddable":true,"href":"https:\/\/fmtinkunaco.ar\/index.php?rest_route=%2Fwp%2Fv2%2Fcategories&post=1971"},{"taxonomy":"post_tag","embeddable":true,"href":"https:\/\/fmtinkunaco.ar\/index.php?rest_route=%2Fwp%2Fv2%2Ftags&post=1971"}],"curies":[{"name":"wp","href":"https:\/\/api.w.org\/{rel}","templated":true}]}}