{"id":1982,"date":"2020-04-29T09:16:45","date_gmt":"2020-04-29T12:16:45","guid":{"rendered":"http:\/\/fmtinkunaco.com.ar\/?p=1982"},"modified":"2020-04-29T09:16:45","modified_gmt":"2020-04-29T12:16:45","slug":"robo-en-el-centro-comunitario-nuestro-futuro","status":"publish","type":"post","link":"https:\/\/fmtinkunaco.ar\/?p=1982","title":{"rendered":"Robo en el Centro Comunitario Nuestro Futuro"},"content":{"rendered":"<p>Una de las organizaciones comunitarias de Sol y Verde inici\u00f3 esta semana con la triste realidad de un robo en su sede. Las organizaciones sociales, comunitarias y barriales est\u00e1n haciendo frente a uno de los rostros m\u00e1s crueles de este aislamiento social que es la falta de alimentos producto del parate de la actividad informal de la que dependen miles de familias en todo el conurbano.<\/p>\n<p>Fiel al compromiso hist\u00f3rico, estas organizaciones est\u00e1n garantizando el alimento a familias que han sido expulsadas a los m\u00e1rgenes de la sociedad y condenadas al abandono y la pobreza.<\/p>\n<p>Las educadoras se organizan en turnos rotativos para cuidarse, cuidar a sus comunidades y seguir siendo un espacio de organizaci\u00f3n solidaria y comunitaria. Es por todo esto que el hecho genera tristeza, bronca e indignaci\u00f3n. No es el robo a una instituci\u00f3n sino a toda una comunidad que se encuentra en ese lugar.<\/p>\n<p>En di\u00e1logo con el programa radial \u201cEncuentro con las Noticias\u201d, Miriam Cardozo, integrante de Nuestro Futuro, describi\u00f3 el panorama con el que se encontraron, <em>\u201cRompieron la reja, robaron las herramientas que usamos para la huerta, el bombeador del agua, y rompieron la ventana grande que da a la cocina\u201d<\/em>.<\/p>\n<p>Miriam, adem\u00e1s, remarc\u00f3 que no tuvieron respuestas de la polic\u00eda,<em> \u201cLlamamos a la polic\u00eda para que vengan y entren con nosotras y como no se hizo presente, esperamos a que aclar\u00e9 y entramos juntas. (\u2026) La polic\u00eda nunca respondi\u00f3 al llamado del centro. Nosotras llamamos porque cuando hab\u00edan robado, la otra vez, fuimos a la comisaria a hacer la denuncia y nos dijeron que no, que hab\u00eda que llamar para que el m\u00f3vil venga primero y despu\u00e9s tenemos que ir a hacer la denuncia, porque ellos tienen que verificar el lugar. Pero la verdad que nunca se acercaron\u201d<\/em>.<\/p>\n<p>El Centro Comunitario Nuestro futuro forma parte de la Red El Encuentro. Todav\u00eda lamentando las p\u00e9rdidas materiales y de insumos analizan c\u00f3mo continuar en este contexto de aislamiento.<\/p>\n<p>Compartimos la entrevista completa<\/p>\n<p><a href=\"https:\/\/archive.org\/details\/audio-miriam-cardozo-nuestro-futuro-28-04-2020\">Descargar<\/a><\/p>\n","protected":false},"excerpt":{"rendered":"<p>Una de las organizaciones comunitarias de Sol y Verde inici\u00f3 esta semana con la triste realidad de un robo en su sede. Las organizaciones sociales, comunitarias y barriales est\u00e1n haciendo frente a uno de los rostros m\u00e1s crueles de este aislamiento social que es la falta de alimentos producto del parate de la actividad informal [&hellip;]<\/p>\n","protected":false},"author":1,"featured_media":1983,"comment_status":"open","ping_status":"open","sticky":false,"template":"","format":"standard","meta":{"footnotes":""},"categories":[4,5],"tags":[95,435,466],"class_list":["post-1982","post","type-post","status-publish","format-standard","has-post-thumbnail","hentry","category-derechos-humanos","category-educacion","tag-centro-comunitario-nuestro-furuto","tag-robo","tag-sol-y-verde"],"_links":{"self":[{"href":"https:\/\/fmtinkunaco.ar\/index.php?rest_route=\/wp\/v2\/posts\/1982","targetHints":{"allow":["GET"]}}],"collection":[{"href":"https:\/\/fmtinkunaco.ar\/index.php?rest_route=\/wp\/v2\/posts"}],"about":[{"href":"https:\/\/fmtinkunaco.ar\/index.php?rest_route=\/wp\/v2\/types\/post"}],"author":[{"embeddable":true,"href":"https:\/\/fmtinkunaco.ar\/index.php?rest_route=\/wp\/v2\/users\/1"}],"replies":[{"embeddable":true,"href":"https:\/\/fmtinkunaco.ar\/index.php?rest_route=%2Fwp%2Fv2%2Fcomments&post=1982"}],"version-history":[{"count":0,"href":"https:\/\/fmtinkunaco.ar\/index.php?rest_route=\/wp\/v2\/posts\/1982\/revisions"}],"wp:featuredmedia":[{"embeddable":true,"href":"https:\/\/fmtinkunaco.ar\/index.php?rest_route=\/"}],"wp:attachment":[{"href":"https:\/\/fmtinkunaco.ar\/index.php?rest_route=%2Fwp%2Fv2%2Fmedia&parent=1982"}],"wp:term":[{"taxonomy":"category","embeddable":true,"href":"https:\/\/fmtinkunaco.ar\/index.php?rest_route=%2Fwp%2Fv2%2Fcategories&post=1982"},{"taxonomy":"post_tag","embeddable":true,"href":"https:\/\/fmtinkunaco.ar\/index.php?rest_route=%2Fwp%2Fv2%2Ftags&post=1982"}],"curies":[{"name":"wp","href":"https:\/\/api.w.org\/{rel}","templated":true}]}}