{"id":1994,"date":"2020-05-02T14:19:03","date_gmt":"2020-05-02T17:19:03","guid":{"rendered":"http:\/\/fmtinkunaco.com.ar\/?p=1994"},"modified":"2020-05-02T14:19:03","modified_gmt":"2020-05-02T17:19:03","slug":"las-infancias-en-contexto-de-aislamiento-social","status":"publish","type":"post","link":"https:\/\/fmtinkunaco.ar\/?p=1994","title":{"rendered":"Las infancias en contexto de aislamiento social"},"content":{"rendered":"<p>Las infancias del pa\u00eds, tambi\u00e9n han tenido que modificar su d\u00eda a d\u00eda y sus rutinas a partir del decreto de aislamiento social, preventivo y obligatorio. La educaci\u00f3n presencial ha sido suspendida, y muchos se encuentran teniendo clases a distancia, por medio de diferentes aplicaciones, o recibiendo tareas por parte de sus docentes, sin poder tener contacto con sus amigos y amigas.<\/p>\n<p>Han tenido que realizar un cambio rotundo en sus salidas e intentan, al igual que los adultos, sobrellevar este aislamiento.<\/p>\n<p>En di\u00e1logo con el programa radial \u201cEncuentro con las Noticias\u201d, Mario Baldebenitez, docente e integrante de Forum Infancias \u2013 Red Federal, se refiri\u00f3 a los reiterativos comentarios y fastidio de muchos adultos en cuanto a tener que compartir mucho m\u00e1s tiempo con los ni\u00f1os en el marco de esta cuarentena obligatoria, que en el cotidiano,<em> \u201cMuchos parecieran sentirse con cierto fastidio o cierto estr\u00e9s de tener que estar compartiendo tanto tiempo con el ni\u00f1o, que tambi\u00e9n est\u00e1 relacionado a lo in\u00e9dito de la situaci\u00f3n. Entiendo que es buena hora de cultivar la paciencia, entender este tiempo y compartir y revisar lo esencial y tomarlo para vivirlo desde ese lugar pero es un trabajo bastante fino de cada adulto\u201d<\/em>.<\/p>\n<p>Mario Baldebenitez, remarc\u00f3 la importancia de que los adultos comprendan a los ni\u00f1os, ni\u00f1as y adolescentes y sepan conectar y aprender de ellos, <em>\u201cLos pibes te ense\u00f1an mucho. (\u2026) Siento que una de las formas m\u00e1s ricas para cualquier adulto es tomar esa mirada propia de los pibes, del adolescente que esta conectado realmente con lo que a \u00e9l le pasa, con lo que \u00e9l est\u00e1 sintiendo y con esas ilusiones, entonces mirar desde otro lugar y poder conectar con eso. A m\u00ed me llama la atenci\u00f3n que ahora que el tiempo es m\u00e1s amplio y no hay limites horarios, al menos pareciera eso, me llama la atenci\u00f3n como desarrollan su mentalidad los pibes, c\u00f3mo van desarrollando su creatividad, sus ideas, los juegos que hacen; incluso los estadios de aburrimiento que aparecen y que hay que enfrentarlos. Me llama la atenci\u00f3n porque lo que veo es que frente a esta situaci\u00f3n viven muy naturalmente lo que les pasa\u201d<\/em>.<\/p>\n<p>Finalmente, Mario Baldebenitez, se refiri\u00f3 a la referencia que realiz\u00f3 el presidente Alberto Fern\u00e1ndez a la ni\u00f1ez en su \u00faltima salida, los que tambi\u00e9n les pidi\u00f3 paciencia <em>\u201cCelebr\u00f3 esa mirada, ese tambi\u00e9n hablarle a ese grupo de personas de esta sociedad. Me pareci\u00f3 muy atinado referirse a la poblaci\u00f3n de las infancias<\/em>\u201d.<\/p>\n","protected":false},"excerpt":{"rendered":"<p>Las infancias del pa\u00eds, tambi\u00e9n han tenido que modificar su d\u00eda a d\u00eda y sus rutinas a partir del decreto de aislamiento social, preventivo y obligatorio. La educaci\u00f3n presencial ha sido suspendida, y muchos se encuentran teniendo clases a distancia, por medio de diferentes aplicaciones, o recibiendo tareas por parte de sus docentes, sin poder [&hellip;]<\/p>\n","protected":false},"author":1,"featured_media":1995,"comment_status":"open","ping_status":"open","sticky":false,"template":"","format":"standard","meta":{"footnotes":""},"categories":[5],"tags":[175],"class_list":["post-1994","post","type-post","status-publish","format-standard","has-post-thumbnail","hentry","category-educacion","tag-educacion"],"_links":{"self":[{"href":"https:\/\/fmtinkunaco.ar\/index.php?rest_route=\/wp\/v2\/posts\/1994","targetHints":{"allow":["GET"]}}],"collection":[{"href":"https:\/\/fmtinkunaco.ar\/index.php?rest_route=\/wp\/v2\/posts"}],"about":[{"href":"https:\/\/fmtinkunaco.ar\/index.php?rest_route=\/wp\/v2\/types\/post"}],"author":[{"embeddable":true,"href":"https:\/\/fmtinkunaco.ar\/index.php?rest_route=\/wp\/v2\/users\/1"}],"replies":[{"embeddable":true,"href":"https:\/\/fmtinkunaco.ar\/index.php?rest_route=%2Fwp%2Fv2%2Fcomments&post=1994"}],"version-history":[{"count":0,"href":"https:\/\/fmtinkunaco.ar\/index.php?rest_route=\/wp\/v2\/posts\/1994\/revisions"}],"wp:featuredmedia":[{"embeddable":true,"href":"https:\/\/fmtinkunaco.ar\/index.php?rest_route=\/"}],"wp:attachment":[{"href":"https:\/\/fmtinkunaco.ar\/index.php?rest_route=%2Fwp%2Fv2%2Fmedia&parent=1994"}],"wp:term":[{"taxonomy":"category","embeddable":true,"href":"https:\/\/fmtinkunaco.ar\/index.php?rest_route=%2Fwp%2Fv2%2Fcategories&post=1994"},{"taxonomy":"post_tag","embeddable":true,"href":"https:\/\/fmtinkunaco.ar\/index.php?rest_route=%2Fwp%2Fv2%2Ftags&post=1994"}],"curies":[{"name":"wp","href":"https:\/\/api.w.org\/{rel}","templated":true}]}}