{"id":1997,"date":"2020-05-04T10:58:04","date_gmt":"2020-05-04T13:58:04","guid":{"rendered":"http:\/\/fmtinkunaco.com.ar\/?p=1997"},"modified":"2020-05-04T10:58:04","modified_gmt":"2020-05-04T13:58:04","slug":"jose-c-paz-arranco-la-campana-de-vacunacion-antigripal","status":"publish","type":"post","link":"https:\/\/fmtinkunaco.ar\/?p=1997","title":{"rendered":"Jos\u00e9. C. Paz: Arranc\u00f3 la Campa\u00f1a de Vacunaci\u00f3n Antigripal"},"content":{"rendered":"<p>Hoy, lunes 4 de mayo, comenz\u00f3 la campa\u00f1a de vacunaci\u00f3n en las escuelas en el municipio de Jos\u00e9. C. Paz; en este marco la Asamblea No al cierre de las salitas se encuentran recorriendo las escuelas destinadas para el d\u00eda de hoy con el objetivo de verificar si realmente existe la cantidad necesaria de vacunas y el modo de vacunaci\u00f3n.<\/p>\n<p>Recordamos que en la primera etapa de esta campa\u00f1a de vacunaci\u00f3n, no existieron las vacunas necesarias, y se vacunaba por turno.<\/p>\n<p>En di\u00e1logo con el programa radial \u201cEncuentro con las Noticias\u201d, Marcelo Ochoa, integrante de la Asamblea No al cierre de las salitas, se refiri\u00f3 al primer acercamiento a las escuelas que hoy funcionan como puntos de vacunaci\u00f3n, \u00a0<em>\u201cNos acercamos a la escuela 15 y 38, ubicadas en el barrio Sarmiento Norte del Partido y pudimos constatar que desde las 9 de la ma\u00f1ana se lleva a cabo el operativo de vacunaci\u00f3n que est\u00e1 orientado a la poblaci\u00f3n de 11 meses hasta 4 a\u00f1os, los mayores de 65 a\u00f1os, y la poblaci\u00f3n que se encuentra entre los 4 y los 65 con antecedentes m\u00e9dicos probados o con certificaci\u00f3n medica tambi\u00e9n acceden a la vacunaci\u00f3n\u201d<\/em>.<\/p>\n<p>Ochoa, adem\u00e1s, remarc\u00f3 que la poblaci\u00f3n que asisti\u00f3 a vacunarse es sobre todo la poblaci\u00f3n adulta mayor,<em> \u201cEn este recorrido breve, que hicimos por las instalaciones, la poblaci\u00f3n que asisti\u00f3 hasta el momento es sobretodo poblaci\u00f3n adulta mayor. Finalmente se toman medidas preventivas de distanciamiento social y adem\u00e1s se indico que no existe una cantidad de n\u00fameros otorgados, se vacuna a demanda y hasta que se terminen las provisiones\u201d<\/em>.<\/p>\n<p>La organizaci\u00f3n de la campa\u00f1a, en el distrito, explic\u00f3 que aquellas personas que tengan PAMI y no hayan podido vacunarse mediante esta obra social, tambi\u00e9n podr\u00e1n acercarse a los diferentes puntos de vacunaci\u00f3n.<\/p>\n<p>Recordamos que, desde la Asamblea vecinal, adem\u00e1s se encuentran esperando respuestas por parte de las autoridades municipales sobre la exigencia de la conformaci\u00f3n de un comit\u00e9 de crisis.<\/p>\n<p>Para no generar aglomeraci\u00f3n de personas la propuesta es observar el cronograma y acercarse a la escuela m\u00e1s cercana a tu domicilio en el horario entre las 9hs y las 16hs del d\u00eda indicado.<\/p>\n<p>Compartimos el testimonio completo<\/p>\n<p><a href=\"https:\/\/archive.org\/details\/audio-marcelo-ochoa-04-05-2020\">Descargar<\/a><\/p>\n","protected":false},"excerpt":{"rendered":"<p>Hoy, lunes 4 de mayo, comenz\u00f3 la campa\u00f1a de vacunaci\u00f3n en las escuelas en el municipio de Jos\u00e9. C. Paz; en este marco la Asamblea No al cierre de las salitas se encuentran recorriendo las escuelas destinadas para el d\u00eda de hoy con el objetivo de verificar si realmente existe la cantidad necesaria de vacunas [&hellip;]<\/p>\n","protected":false},"author":1,"featured_media":1998,"comment_status":"open","ping_status":"open","sticky":false,"template":"","format":"standard","meta":{"footnotes":""},"categories":[7],"tags":[337,443],"class_list":["post-1997","post","type-post","status-publish","format-standard","has-post-thumbnail","hentry","category-salud","tag-municipio-de-jose-c-paz","tag-salud-publica"],"_links":{"self":[{"href":"https:\/\/fmtinkunaco.ar\/index.php?rest_route=\/wp\/v2\/posts\/1997","targetHints":{"allow":["GET"]}}],"collection":[{"href":"https:\/\/fmtinkunaco.ar\/index.php?rest_route=\/wp\/v2\/posts"}],"about":[{"href":"https:\/\/fmtinkunaco.ar\/index.php?rest_route=\/wp\/v2\/types\/post"}],"author":[{"embeddable":true,"href":"https:\/\/fmtinkunaco.ar\/index.php?rest_route=\/wp\/v2\/users\/1"}],"replies":[{"embeddable":true,"href":"https:\/\/fmtinkunaco.ar\/index.php?rest_route=%2Fwp%2Fv2%2Fcomments&post=1997"}],"version-history":[{"count":0,"href":"https:\/\/fmtinkunaco.ar\/index.php?rest_route=\/wp\/v2\/posts\/1997\/revisions"}],"wp:featuredmedia":[{"embeddable":true,"href":"https:\/\/fmtinkunaco.ar\/index.php?rest_route=\/"}],"wp:attachment":[{"href":"https:\/\/fmtinkunaco.ar\/index.php?rest_route=%2Fwp%2Fv2%2Fmedia&parent=1997"}],"wp:term":[{"taxonomy":"category","embeddable":true,"href":"https:\/\/fmtinkunaco.ar\/index.php?rest_route=%2Fwp%2Fv2%2Fcategories&post=1997"},{"taxonomy":"post_tag","embeddable":true,"href":"https:\/\/fmtinkunaco.ar\/index.php?rest_route=%2Fwp%2Fv2%2Ftags&post=1997"}],"curies":[{"name":"wp","href":"https:\/\/api.w.org\/{rel}","templated":true}]}}