{"id":2006,"date":"2020-05-06T11:15:13","date_gmt":"2020-05-06T14:15:13","guid":{"rendered":"http:\/\/fmtinkunaco.com.ar\/?p=2006"},"modified":"2020-05-06T11:15:13","modified_gmt":"2020-05-06T14:15:13","slug":"garcia-del-corro-el-hospital-duhau-siguio-todos-los-protocolos","status":"publish","type":"post","link":"https:\/\/fmtinkunaco.ar\/?p=2006","title":{"rendered":"Garc\u00eda Del Corro: \u201cEl Hospital Duhau sigui\u00f3 todos los protocolos\u201d"},"content":{"rendered":"<p>En los \u00faltimos d\u00edas, se dio a conocer un caso positivo en COVID \u2013 19 en el Hospital Privado Dr. Alberto Duhau de Jos\u00e9. C. Paz,\u00a0 el caso fue asintom\u00e1tico e ingres\u00f3 a la instituci\u00f3n por una enfermedad no infecciosa por lo que gener\u00f3 preocupaci\u00f3n en las personas que hab\u00edan tenido contacto con la paciente.<\/p>\n<p>La paciente es una adulta mayor, proveniente de un geri\u00e1trico zonal; instituci\u00f3n que pidi\u00f3 el hisopado a la Cl\u00ednica cuando fue dada de alta.<\/p>\n<p>En di\u00e1logo con el programa radial \u201cEncuentro con las Noticias\u201d, Horacio Garc\u00eda Del Corro, Director de la instituci\u00f3n describi\u00f3 lo sucedido, <em>\u201cIngreso una paciente, en determinado momento, proveniente de un geri\u00e1trico por un cuadro no covid, ni infeccioso, ni febril, ni nada por el estilo y al momento en que la paciente estaba dada de alta nos solicitan desde el geri\u00e1trico el control de hisopado, que en realidad de acuerdo a normas no se deber\u00eda hacer pero nosotros lo hicimos igual, y sorprendentemente dio positivo. La paciente estaba totalmente asintom\u00e1tica y persiste asintom\u00e1tica hasta el d\u00eda de hoy\u201d<\/em>.<\/p>\n<p>Del Corro, adem\u00e1s, se refiri\u00f3 a las medidas que tomaron frente a esta situaci\u00f3n,<em> \u201cComo medida de prevenci\u00f3n de todo nuestro personal, decidimos que todo el personal que hab\u00eda participado de la atenci\u00f3n de la paciente, a pesar de que ten\u00edan que estar con toda la protecci\u00f3n y la hab\u00edan cumplido, pero ante la duda decidimos licenciarlos a todos, enviarlos en aislamiento a sus domicilios e hisopar a todo el mundo para buscar la posibilidad de contagio por COVID. (\u2026) Fueron alrededor de treinta y pico entre enfermeros y mucamos\u201d<\/em>.<\/p>\n<p>Los resultados de los m\u00e1s de 30 hisopados por Coronavirus llegaron hace algunos d\u00edas al Hospital Duhau y s\u00f3lo uno de los enfermeros se encuentra infectado y tambi\u00e9n es asintom\u00e1tico.<br \/>\nAs\u00ed lo explico el Director, <em>\u201cUno s\u00f3lo de nuestros enfermeros con COVID positivo, lo enviamos a aislamiento y lo seguimos diariamente; tambi\u00e9n seguimos e hisopamos a su pareja. Ayer llegaron los \u00faltimos resultados y fueron todos negativos, el \u00fanico positivo fue de este enfermero que esta evolucionando favorablemente, ya el d\u00eda jueves vamos a hacerle el siguiente hisopado y en caso de ser negativo ya significa el alta de la enfermedad\u201d<\/em>.<\/p>\n<p>Garc\u00eda Del Corro, finalmente, hizo referencia a la situaci\u00f3n de los trabajadores de salud y las medidas que tomaron desde la instituci\u00f3n, <em>\u201cEn este momento, nosotros estamos trabajando en la etapa en la que todas las personas se atienden como si fueran COVID positivo, quiere decir con un equipo de protecci\u00f3n personal completo, esto incluye cofia, botas, guantes, camisol\u00edn, m\u00e1scara facial y barbijos, a\u00a0 todos los pacientes independientemente de cu\u00e1l sea su diagnostico de entrada, justamente, para tratar de evitar el contagio del personal que es nuestra primera preocupaci\u00f3n porque hay que cuidar a los que cuidan. Lo otro que hemos tomado, muy seriamente, es mantener esas medidas de seguridad para el contacto interpersonal entre el personal de salud\u201d<\/em>.<\/p>\n<p>Actualmente, la guardia del Hospital Privado Duhau ha sido reorganizada para poder recibir a los pacientes con s\u00edntomas compatibles al COVID 19 y mantenerlos aislados del resto de los pacientes.<\/p>\n<p>Compartimos la entrevista completa<\/p>\n<p><a href=\"https:\/\/archive.org\/details\/audio-horacio-garcia-del-corro-duhau-06-05-2020\">Descargar<\/a><\/p>\n","protected":false},"excerpt":{"rendered":"<p>En los \u00faltimos d\u00edas, se dio a conocer un caso positivo en COVID \u2013 19 en el Hospital Privado Dr. Alberto Duhau de Jos\u00e9. C. Paz,\u00a0 el caso fue asintom\u00e1tico e ingres\u00f3 a la instituci\u00f3n por una enfermedad no infecciosa por lo que gener\u00f3 preocupaci\u00f3n en las personas que hab\u00edan tenido contacto con la paciente. [&hellip;]<\/p>\n","protected":false},"author":1,"featured_media":2007,"comment_status":"open","ping_status":"open","sticky":false,"template":"","format":"standard","meta":{"footnotes":""},"categories":[7],"tags":[138,242,337],"class_list":["post-2006","post","type-post","status-publish","format-standard","has-post-thumbnail","hentry","category-salud","tag-covid-19","tag-hospital-duhau","tag-municipio-de-jose-c-paz"],"_links":{"self":[{"href":"https:\/\/fmtinkunaco.ar\/index.php?rest_route=\/wp\/v2\/posts\/2006","targetHints":{"allow":["GET"]}}],"collection":[{"href":"https:\/\/fmtinkunaco.ar\/index.php?rest_route=\/wp\/v2\/posts"}],"about":[{"href":"https:\/\/fmtinkunaco.ar\/index.php?rest_route=\/wp\/v2\/types\/post"}],"author":[{"embeddable":true,"href":"https:\/\/fmtinkunaco.ar\/index.php?rest_route=\/wp\/v2\/users\/1"}],"replies":[{"embeddable":true,"href":"https:\/\/fmtinkunaco.ar\/index.php?rest_route=%2Fwp%2Fv2%2Fcomments&post=2006"}],"version-history":[{"count":0,"href":"https:\/\/fmtinkunaco.ar\/index.php?rest_route=\/wp\/v2\/posts\/2006\/revisions"}],"wp:featuredmedia":[{"embeddable":true,"href":"https:\/\/fmtinkunaco.ar\/index.php?rest_route=\/"}],"wp:attachment":[{"href":"https:\/\/fmtinkunaco.ar\/index.php?rest_route=%2Fwp%2Fv2%2Fmedia&parent=2006"}],"wp:term":[{"taxonomy":"category","embeddable":true,"href":"https:\/\/fmtinkunaco.ar\/index.php?rest_route=%2Fwp%2Fv2%2Fcategories&post=2006"},{"taxonomy":"post_tag","embeddable":true,"href":"https:\/\/fmtinkunaco.ar\/index.php?rest_route=%2Fwp%2Fv2%2Ftags&post=2006"}],"curies":[{"name":"wp","href":"https:\/\/api.w.org\/{rel}","templated":true}]}}