{"id":2010,"date":"2020-05-08T10:58:20","date_gmt":"2020-05-08T13:58:20","guid":{"rendered":"http:\/\/fmtinkunaco.com.ar\/?p=2010"},"modified":"2020-05-08T10:58:20","modified_gmt":"2020-05-08T13:58:20","slug":"jose-c-paz-se-conforma-el-equipo-focal-territorial-educativo-de-emergencia","status":"publish","type":"post","link":"https:\/\/fmtinkunaco.ar\/?p=2010","title":{"rendered":"Jos\u00e9. C. Paz: Se conforma el Equipo Focal, Territorial, Educativo de Emergencia."},"content":{"rendered":"<p>Equipos de orientaci\u00f3n del municipio de Jos\u00e9. C. Paz, junto a integrantes de los equipos distritales conformaron el Equipo focal, territorial y educativo de emergencia, que pretender ser un acompa\u00f1amiento para las familias que han perdido el contacto con las escuelas en tiempos de aislamiento social, preventivo y educativo.<\/p>\n<p>Entendiendo que cada una de las familias es un caso particular en la comunidad y vive la cuarentena de manera diferentes y en condiciones distintas.<\/p>\n<p>En di\u00e1logo con el programa radial \u201cEncuentro con las Noticias\u201d, Lorena Poletto, integrante del equipo focal, se refiri\u00f3 a la iniciativa, <em>\u201cEste equipo surge como propuestas de las modalidades de Psicolog\u00eda Comunitaria y Pedagog\u00eda Social que es una de las modalidades de educaci\u00f3n de la provincia de Buenos Aires que atraviesa a todos los niveles educativos y donde com\u00fanmente la gente nos conoce como los equipos de orientaci\u00f3n que estamos en las escuelas y los equipos interdisciplinarios distritales que somos los que trabajamos situaciones de alta complejidad en todo el distrito. (\u2026) A ra\u00edz de la emergencia educativa, con el tema de la pandemia y el aislamiento social, preventivo y obligatorio, surge la necesidad de dar respuestas a otras problem\u00e1ticas que nos atraviesan como son la continuidad pedag\u00f3gica, a trav\u00e9s de dispositivos tecnol\u00f3gicos o a trav\u00e9s de cuadernillos. Y a partir de esto, lo que surge es que tenemos un mont\u00f3n de familias y ni\u00f1os de las escuelas han perdido el contacto. (\u2026) El equipo, en principio va a tratar de ubicar a la mayor parte de las familias de Jos\u00e9. C. Paz que se encuentren en esta situaci\u00f3n de no haber podido contactarse con las escuelas\u201d<\/em>.<\/p>\n<p>Poletto, adem\u00e1s, remarc\u00f3 que desde que se lanz\u00f3 la invitaci\u00f3n a ponerse en contacto con el equipo, ya se han acercado alrededor de 47 familias,<em> \u201cDesde que lanzamos el v\u00eddeo\u00a0que despu\u00e9s transformamos en audio, hemos tenido muy buena respuestas por parte de la comunidad, hemos podido contactarnos con 47 familias que hab\u00edan perdido el contacto con las escuelas, en el t\u00e9rmino de una semana\u201d<\/em>.<\/p>\n<p>Te podes contactar con el equipo, a trav\u00e9s del 11 4437 8112.<\/p>\n<p>Compartimos la entrevista completa<\/p>\n<p><a href=\"https:\/\/archive.org\/details\/audio-lorena-poletto-08-05-2020\">Descargar<\/a><\/p>\n","protected":false},"excerpt":{"rendered":"<p>Equipos de orientaci\u00f3n del municipio de Jos\u00e9. C. Paz, junto a integrantes de los equipos distritales conformaron el Equipo focal, territorial y educativo de emergencia, que pretender ser un acompa\u00f1amiento para las familias que han perdido el contacto con las escuelas en tiempos de aislamiento social, preventivo y educativo. Entendiendo que cada una de las [&hellip;]<\/p>\n","protected":false},"author":1,"featured_media":2011,"comment_status":"open","ping_status":"open","sticky":false,"template":"","format":"standard","meta":{"footnotes":""},"categories":[5],"tags":[175,337],"class_list":["post-2010","post","type-post","status-publish","format-standard","has-post-thumbnail","hentry","category-educacion","tag-educacion","tag-municipio-de-jose-c-paz"],"_links":{"self":[{"href":"https:\/\/fmtinkunaco.ar\/index.php?rest_route=\/wp\/v2\/posts\/2010","targetHints":{"allow":["GET"]}}],"collection":[{"href":"https:\/\/fmtinkunaco.ar\/index.php?rest_route=\/wp\/v2\/posts"}],"about":[{"href":"https:\/\/fmtinkunaco.ar\/index.php?rest_route=\/wp\/v2\/types\/post"}],"author":[{"embeddable":true,"href":"https:\/\/fmtinkunaco.ar\/index.php?rest_route=\/wp\/v2\/users\/1"}],"replies":[{"embeddable":true,"href":"https:\/\/fmtinkunaco.ar\/index.php?rest_route=%2Fwp%2Fv2%2Fcomments&post=2010"}],"version-history":[{"count":0,"href":"https:\/\/fmtinkunaco.ar\/index.php?rest_route=\/wp\/v2\/posts\/2010\/revisions"}],"wp:featuredmedia":[{"embeddable":true,"href":"https:\/\/fmtinkunaco.ar\/index.php?rest_route=\/"}],"wp:attachment":[{"href":"https:\/\/fmtinkunaco.ar\/index.php?rest_route=%2Fwp%2Fv2%2Fmedia&parent=2010"}],"wp:term":[{"taxonomy":"category","embeddable":true,"href":"https:\/\/fmtinkunaco.ar\/index.php?rest_route=%2Fwp%2Fv2%2Fcategories&post=2010"},{"taxonomy":"post_tag","embeddable":true,"href":"https:\/\/fmtinkunaco.ar\/index.php?rest_route=%2Fwp%2Fv2%2Ftags&post=2010"}],"curies":[{"name":"wp","href":"https:\/\/api.w.org\/{rel}","templated":true}]}}