{"id":2027,"date":"2020-05-13T10:50:38","date_gmt":"2020-05-13T13:50:38","guid":{"rendered":"http:\/\/fmtinkunaco.com.ar\/?p=2027"},"modified":"2020-05-13T10:50:38","modified_gmt":"2020-05-13T13:50:38","slug":"el-comite-de-emergencia-y-solidaridad-de-zona-norte-dono-barbijos-al-hospital-larcade","status":"publish","type":"post","link":"https:\/\/fmtinkunaco.ar\/?p=2027","title":{"rendered":"El comit\u00e9 de emergencia y solidaridad de JCP Zona Norte don\u00f3 barbijos al Hospital Larcade"},"content":{"rendered":"<p style=\"text-align: justify\">El Comit\u00e9 de emergencia y solidaridad de Zona Norte, se conform\u00f3 en el marco de la emergencia sanitaria con el fin de acompa\u00f1ar y colaborar con los insumos necesarios, entendiendo que los y las\u00a0 trabajadoras de la salud se encuentran desprotegidas.<\/p>\n<p style=\"text-align: justify\">El comit\u00e9 se encuentra compuesto por docentes organizados en la lista La Marr\u00f3n, trabajadores textiles, de juegos de azar, de Fate organizados en la lista Granate, de la empresa Finning CAT, mujeres, j\u00f3venes y estudiantes de la Universidad Nacional de Jos\u00e9. C. Paz y la Universidad Nacional de General Sarmiento.<\/p>\n<p style=\"text-align: justify\">En di\u00e1logo con el programa radial \u201cEncuentro con las Noticias\u201d, Yesica Carvajal, docente pace\u00f1a e integrante del comit\u00e9 se refiri\u00f3 a la iniciativa, <em>\u201cNosotros nos conformamos en un comit\u00e9 de emergencia y solidaridad, en el marco de esta crisis mundial sanitaria que existe. (\u2026) Nosotros nos organizamos y estamos confeccionando estos insumos de manera solidaria. La idea es acercarlo a la primera l\u00ednea, a aquellos que bancan la salud p\u00fablica\u201d<\/em>.<\/p>\n<p style=\"text-align: justify\">La primera donaci\u00f3n la realizaron el 18 de abril al Hospital Mercante y el pasado 11 de mayo se realiz\u00f3 la segunda donaci\u00f3n al Hospital Larcade. Adem\u00e1s, colaboraron con organizaciones sociales de Sol y Verde.<\/p>\n<p style=\"text-align: justify\">Carvajal, adem\u00e1s, remarc\u00f3 la situaci\u00f3n que expresaron las y los trabajadores de la salud al momento de recibir las donaciones,<em> \u201cLos trabajadores de la salud nos comentaban las dificultades que hay para obtener barbijos, porque ellos van a trabajar y a veces tienen que hacer una cola\u00a0 en el sector de farmacia para que les den un barbijo por d\u00eda, incluso\u00a0 hay sectores donde no llegan a darles. Y si, por ejemplo, hay un paciente que tiene que ser atendido para hacerse un estudio y lo tienen que sacar de la sala, cuando van a solicitar un barbijo, no hay para el paciente. Es alarmante la falte de insumos que hay\u201d<\/em>.<\/p>\n<p style=\"text-align: justify\">Adem\u00e1s tambi\u00e9n plante\u00f3 la exigencia de <em>\u00abfinanciaci\u00f3n de los emprendimientos comunitarios de fabricaci\u00f3n de elementos de bioseguridad y un salario igual a la canasta familiar para las personas desocupadas que vienen realizando esta fabricacion solidariamente \u00ab<\/em>.\u00a0 Por \u00faltimo mencion\u00f3 la necesida de un <em>\u00bb mayor presupuesto para la salud en base a un impuesto progresivo a las grandes fortunas y al no pago a la deuda externa\u00bb<\/em><\/p>\n<p style=\"text-align: justify\">La \u00faltima donaci\u00f3n que se realiz\u00f3 fue de mil barbijos, y desde el comit\u00e9 se encuentran trabajando para poder realizar una nueva donaci\u00f3n.<\/p>\n<p style=\"text-align: justify\">Compartimos la entrevista completa<\/p>\n<p style=\"text-align: justify\"><a href=\"https:\/\/archive.org\/details\/audio-yesica-carvajal-13-05-2020\">Descargar<\/a><\/p>\n<p>&nbsp;<\/p>\n","protected":false},"excerpt":{"rendered":"<p>El Comit\u00e9 de emergencia y solidaridad de Zona Norte, se conform\u00f3 en el marco de la emergencia sanitaria con el fin de acompa\u00f1ar y colaborar con los insumos necesarios, entendiendo que los y las\u00a0 trabajadoras de la salud se encuentran desprotegidas. El comit\u00e9 se encuentra compuesto por docentes organizados en la lista La Marr\u00f3n, trabajadores [&hellip;]<\/p>\n","protected":false},"author":1,"featured_media":2028,"comment_status":"open","ping_status":"open","sticky":false,"template":"","format":"standard","meta":{"footnotes":""},"categories":[4,7],"tags":[138,170,442],"class_list":["post-2027","post","type-post","status-publish","format-standard","has-post-thumbnail","hentry","category-derechos-humanos","category-salud","tag-covid-19","tag-donaciones","tag-salud"],"_links":{"self":[{"href":"https:\/\/fmtinkunaco.ar\/index.php?rest_route=\/wp\/v2\/posts\/2027","targetHints":{"allow":["GET"]}}],"collection":[{"href":"https:\/\/fmtinkunaco.ar\/index.php?rest_route=\/wp\/v2\/posts"}],"about":[{"href":"https:\/\/fmtinkunaco.ar\/index.php?rest_route=\/wp\/v2\/types\/post"}],"author":[{"embeddable":true,"href":"https:\/\/fmtinkunaco.ar\/index.php?rest_route=\/wp\/v2\/users\/1"}],"replies":[{"embeddable":true,"href":"https:\/\/fmtinkunaco.ar\/index.php?rest_route=%2Fwp%2Fv2%2Fcomments&post=2027"}],"version-history":[{"count":0,"href":"https:\/\/fmtinkunaco.ar\/index.php?rest_route=\/wp\/v2\/posts\/2027\/revisions"}],"wp:featuredmedia":[{"embeddable":true,"href":"https:\/\/fmtinkunaco.ar\/index.php?rest_route=\/"}],"wp:attachment":[{"href":"https:\/\/fmtinkunaco.ar\/index.php?rest_route=%2Fwp%2Fv2%2Fmedia&parent=2027"}],"wp:term":[{"taxonomy":"category","embeddable":true,"href":"https:\/\/fmtinkunaco.ar\/index.php?rest_route=%2Fwp%2Fv2%2Fcategories&post=2027"},{"taxonomy":"post_tag","embeddable":true,"href":"https:\/\/fmtinkunaco.ar\/index.php?rest_route=%2Fwp%2Fv2%2Ftags&post=2027"}],"curies":[{"name":"wp","href":"https:\/\/api.w.org\/{rel}","templated":true}]}}