{"id":2035,"date":"2020-05-13T15:02:21","date_gmt":"2020-05-13T18:02:21","guid":{"rendered":"http:\/\/fmtinkunaco.com.ar\/?p=2035"},"modified":"2020-05-13T15:02:21","modified_gmt":"2020-05-13T18:02:21","slug":"san-miguel-espacios-culturales-solicitan-al-municipio-medidas-de-contingencia-frente-al-covid-19","status":"publish","type":"post","link":"https:\/\/fmtinkunaco.ar\/?p=2035","title":{"rendered":"San Miguel: Espacios culturales solicitan al municipio medidas de contingencia frente al COVID 19"},"content":{"rendered":"<p>Ante la imposibilidad de la afluencia de p\u00fablico, sin ingreso alguno, los espacios culturales se encuentran incapaces de afrontar los gastos fijos. Es por esto que ante la situaci\u00f3n de emergencia econ\u00f3mica, solicitan medidas de contingencia al municipio de San Miguel.<\/p>\n<p>En di\u00e1logo con el programa radial \u201cEncuentro con las Noticias\u201d, Sebasti\u00e1n Ricci, integrante de la Herrer\u00eda Teatro y de la Red de Espacios Culturales de San Miguel, se refiri\u00f3 en principio a la realidad de la Herrer\u00eda Teatro, <em>\u201cNuestro caso tiene el agravante de que fuimos los primeros en cerrar y vamos a ser los \u00faltimos en volver a abrir y recuperar nuestra actividad y ni siquiera hay miras de una fecha posible de re apertura, lo cual tampoco nos da la posibilidad de un horizonte, ni de poder planificar a largo plazo porque hay mucha incertidumbre. Dentro de ese marco, no s\u00f3lo no podemos afrontar los gastos que los espacios culturales tienen de manera inmediata si no que tambi\u00e9n nos hace replantear cu\u00e1l es nuestro rol de ac\u00e1 a un tiempo\u201d<\/em>.<\/p>\n<p>La Red de Espacios Culturales de San Miguel (REC-SM), realiz\u00f3 una carta que present\u00f3 a la intendencia de San Miguel, en la figura del Intendente Jaime M\u00e9ndez y al Director de Cultura,<br \/>\nPablo Lazbal.<\/p>\n<p>La misma tiene como uno de los principales objetivos, buscar respuestas ante la situaci\u00f3n econ\u00f3mica critica que est\u00e1n atravesando muchos espacios culturales a ra\u00edz de la cancelaci\u00f3n de actividades masivas por el COVID \u2013 19.<\/p>\n<p>Ricci, se refiri\u00f3 a los principales objetivos de la presentaci\u00f3n, <em>\u201cCon esa carta no s\u00f3lo tratamos de atender una problem\u00e1tica a corto plazo si no que tambi\u00e9n uno de los puntos de la carta es sentarnos a charlar sobre estrategias y una pol\u00edtica cultural que no existi\u00f3 nunca en este municipio y como en muchos municipios tampoco existi\u00f3 para ver como reformulamos esta actividad de ac\u00e1 a un futuro\u201d<\/em>.<\/p>\n<p>Los trabajadores y trabajadoras de la cultura, solicitan:<\/p>\n<p><strong>1) La suspensi\u00f3n en el cobro de las tasas e impuestos municipales de los respectivos espacios.<\/strong><\/p>\n<p><strong>2) Subsidio para la actividad que permita sostener los gastos fijos que deben afrontar los espacios.<\/strong><\/p>\n<p><strong>3) Elaboraci\u00f3n de un proyecto integrador de estrategias culturales en conjunto entre la Gesti\u00f3n Municipal y la REC-SM a fin de delinear acciones superadoras y de contingencia.<\/strong><\/p>\n<p><strong>4) Subsidios a los\/as artistas y talleristas independientes en calidad de urgencia debido a la precarizaci\u00f3n de su trabajo, con la posibilidad de pagos adelantados de funciones a convenir u otros indicadores a evaluar. Dichos artistas residentes en nuestro distrito o trabajadores de nuestros espacios podr\u00e1n presentar sus solicitudes de subsidios por nuestro intermedio o como las autoridades lo dispongan de manera justa e inclusiva.<\/strong><\/p>\n<p>Sebasti\u00e1n Ricci, adem\u00e1s, remarc\u00f3 que la situaci\u00f3n es critica para los espacios culturales y para sus trabajadores y trabajadoras, <em>\u201cEs todo muy cr\u00edtico, por el momento, porque no solo es la problem\u00e1tica de los espacios culturales, si no tambi\u00e9n de los trabajadores de la cultura que quedamos en suspenso, entonces ahora quiz\u00e1s el trabajo sea el de reconocer con que elementos contamos y ver c\u00f3mo los podemos articular y combinar para tratar de generar algo nuevo. Mucha de nuestra actividad, hoy por hoy, se traslado a plataformas y se esta haciendo de manera online pero claramente esto seria como hacer de cuenta que no paso nada y seguir mediante una pantalla. Pero esto no es as\u00ed, hay cosas que cambiaron de manera contundente y creo que, es eso, es empezar a pensar en este cambio y ver c\u00f3mo inventamos algo nuevo porque como est\u00e1bamos ya no podemos seguir\u201d<\/em>.<\/p>\n<p>La Red de Espacios Culturales de San Miguel est\u00e1 conformada por el Observatorio Cultural UNGS,<br \/>\nLa Herreria Teatro, Raices Centro Cultural, Teatro Estudio More Altamirano, Pentagrama Estudio, Espacio Cultural San Miguel, Bella Vista Tango Club, Editorial Cantama\u00f1anas y Musicarte San Miguel.<\/p>\n<p>Compartimos la entrevista completa<\/p>\n<p><a href=\"https:\/\/archive.org\/details\/audio-sebastian-ricci-herreria-teatro-13-05-2020\">Descargar<\/a><\/p>\n","protected":false},"excerpt":{"rendered":"<p>Ante la imposibilidad de la afluencia de p\u00fablico, sin ingreso alguno, los espacios culturales se encuentran incapaces de afrontar los gastos fijos. Es por esto que ante la situaci\u00f3n de emergencia econ\u00f3mica, solicitan medidas de contingencia al municipio de San Miguel. En di\u00e1logo con el programa radial \u201cEncuentro con las Noticias\u201d, Sebasti\u00e1n Ricci, integrante de [&hellip;]<\/p>\n","protected":false},"author":1,"featured_media":2036,"comment_status":"open","ping_status":"open","sticky":false,"template":"","format":"standard","meta":{"footnotes":""},"categories":[3],"tags":[143,197,445],"class_list":["post-2035","post","type-post","status-publish","format-standard","has-post-thumbnail","hentry","category-cultura","tag-cultura","tag-espacios-culturales","tag-san-miguel"],"_links":{"self":[{"href":"https:\/\/fmtinkunaco.ar\/index.php?rest_route=\/wp\/v2\/posts\/2035","targetHints":{"allow":["GET"]}}],"collection":[{"href":"https:\/\/fmtinkunaco.ar\/index.php?rest_route=\/wp\/v2\/posts"}],"about":[{"href":"https:\/\/fmtinkunaco.ar\/index.php?rest_route=\/wp\/v2\/types\/post"}],"author":[{"embeddable":true,"href":"https:\/\/fmtinkunaco.ar\/index.php?rest_route=\/wp\/v2\/users\/1"}],"replies":[{"embeddable":true,"href":"https:\/\/fmtinkunaco.ar\/index.php?rest_route=%2Fwp%2Fv2%2Fcomments&post=2035"}],"version-history":[{"count":0,"href":"https:\/\/fmtinkunaco.ar\/index.php?rest_route=\/wp\/v2\/posts\/2035\/revisions"}],"wp:featuredmedia":[{"embeddable":true,"href":"https:\/\/fmtinkunaco.ar\/index.php?rest_route=\/"}],"wp:attachment":[{"href":"https:\/\/fmtinkunaco.ar\/index.php?rest_route=%2Fwp%2Fv2%2Fmedia&parent=2035"}],"wp:term":[{"taxonomy":"category","embeddable":true,"href":"https:\/\/fmtinkunaco.ar\/index.php?rest_route=%2Fwp%2Fv2%2Fcategories&post=2035"},{"taxonomy":"post_tag","embeddable":true,"href":"https:\/\/fmtinkunaco.ar\/index.php?rest_route=%2Fwp%2Fv2%2Ftags&post=2035"}],"curies":[{"name":"wp","href":"https:\/\/api.w.org\/{rel}","templated":true}]}}