{"id":2041,"date":"2020-05-15T15:00:59","date_gmt":"2020-05-15T18:00:59","guid":{"rendered":"http:\/\/fmtinkunaco.com.ar\/?p=2041"},"modified":"2020-05-15T15:00:59","modified_gmt":"2020-05-15T18:00:59","slug":"jose-c-paz-continuidad-pedagogica-en-el-marco-del-aislamiento-obligatorio","status":"publish","type":"post","link":"https:\/\/fmtinkunaco.ar\/?p=2041","title":{"rendered":"Jos\u00e9. C. Paz: Continuidad pedag\u00f3gica en el marco del aislamiento obligatorio"},"content":{"rendered":"<p>En pleno aislamiento social, preventivo y obligatorio, a\u00fan no hay fecha prevista ni estimativa para el regreso de las ni\u00f1as, ni\u00f1os y j\u00f3venes a las aulas.<\/p>\n<p>Por eso, la continuidad pedag\u00f3gica y el contacto con las familias es una de las principales preocupaciones de las y los docentes.<\/p>\n<p>En di\u00e1logo con el programa radial \u201cEncuentro con las Noticias\u201d, Adri\u00e1n Mart\u00ednez, Jefe de Inspecci\u00f3n Distrital de Educaci\u00f3n del partido de Jos\u00e9. C. Paz, se refiri\u00f3 a las complicaciones en la continuidad pedag\u00f3gica, \u201cEl mayor de los inconvenientes que tenemos en estos j\u00f3venes donde claramente no tenemos llegada por la falta de conectividad, por los distintos inconvenientes, capaz tenemos una familia que cuenta con un solo celular para la conectividad de cinco ni\u00f1os o m\u00e1s; hoy por hoy la conectividad pasa a ser un tema preocupante. (\u2026) Para apalear esta dificultad, hemos repartido cuadernillos en lugares estrat\u00e9gicos de los barrios cercanos al domicilio de estos ni\u00f1os para poder acercarles la continuidad pedag\u00f3gica en formato papel. Tambi\u00e9n la Naci\u00f3n, el Ministerio de Educaci\u00f3n, ha hecho esto mismo en los supermercados Chango M\u00e1s, ac\u00e1 en Jos\u00e9. C. Paz y nosotros lo hemos acercado a\u00fan m\u00e1s, a los barrios, a los merenderos, a donde sabemos que nuestros j\u00f3venes est\u00e1n acudiendo\u201d.<\/p>\n<p>Mart\u00ednez, adem\u00e1s, explic\u00f3 que desde el Equipo Focal, del distrito, conformado en el marco del aislamiento social obligatorio, se realiz\u00f3 un relevamiento en la comunidad que brind\u00f3 n\u00fameros que visibilizan el contacto que se ha perdido con las familias, <em>\u201cEn el primer relevamiento, lo que es el nivel primario, estamos entre el 4% y el 6% y en el nivel secundario estamos un poquito m\u00e1s arriba, estamos cerca del 12% al 15%. Estos fueron los primeros n\u00fameros que nosotros relevamos y a partir de esos numero lo que hemos hecho es cambiar la estrategia\u201d<\/em>.<\/p>\n<p>Finalmente, el Jefe Distrital de Educaci\u00f3n, se refiri\u00f3 al operativo de entrega de alimentos para los alumnos y almunas que asistian a los comedores escolares, <em>\u201cLa verdad que es muy positivo, este operativo lo lleva adelante el Servicio Alimentario del municipio y nosotros los docentes, una vez m\u00e1s, estamos poniendo el cuerpo porque se arman equipos de trabajos reducidos para llevar adelante el operativo de la entrega de los m\u00f3dulos alimentarios a las familias. (\u2026) Jos\u00e9. C. Paz est\u00e1 cumpliendo con los tiempos establecidos normativamente que es la entrega de estos m\u00f3dulos alimentarios cada 15 d\u00edas y realmente las familias concurren\u201d<\/em>.<\/p>\n<p>Compartimos la entrevista completa<\/p>\n<p><a href=\"https:\/\/archive.org\/details\/audio-adrian-martinez-jefatura-distrital-de-educacion-15-05-2020-1\">Descargar<\/a><\/p>\n","protected":false},"excerpt":{"rendered":"<p>En pleno aislamiento social, preventivo y obligatorio, a\u00fan no hay fecha prevista ni estimativa para el regreso de las ni\u00f1as, ni\u00f1os y j\u00f3venes a las aulas. Por eso, la continuidad pedag\u00f3gica y el contacto con las familias es una de las principales preocupaciones de las y los docentes. En di\u00e1logo con el programa radial \u201cEncuentro [&hellip;]<\/p>\n","protected":false},"author":1,"featured_media":2042,"comment_status":"open","ping_status":"open","sticky":false,"template":"","format":"standard","meta":{"footnotes":""},"categories":[5,8],"tags":[138,175,337],"class_list":["post-2041","post","type-post","status-publish","format-standard","has-post-thumbnail","hentry","category-educacion","category-sem-categoria","tag-covid-19","tag-educacion","tag-municipio-de-jose-c-paz"],"_links":{"self":[{"href":"https:\/\/fmtinkunaco.ar\/index.php?rest_route=\/wp\/v2\/posts\/2041","targetHints":{"allow":["GET"]}}],"collection":[{"href":"https:\/\/fmtinkunaco.ar\/index.php?rest_route=\/wp\/v2\/posts"}],"about":[{"href":"https:\/\/fmtinkunaco.ar\/index.php?rest_route=\/wp\/v2\/types\/post"}],"author":[{"embeddable":true,"href":"https:\/\/fmtinkunaco.ar\/index.php?rest_route=\/wp\/v2\/users\/1"}],"replies":[{"embeddable":true,"href":"https:\/\/fmtinkunaco.ar\/index.php?rest_route=%2Fwp%2Fv2%2Fcomments&post=2041"}],"version-history":[{"count":0,"href":"https:\/\/fmtinkunaco.ar\/index.php?rest_route=\/wp\/v2\/posts\/2041\/revisions"}],"wp:featuredmedia":[{"embeddable":true,"href":"https:\/\/fmtinkunaco.ar\/index.php?rest_route=\/"}],"wp:attachment":[{"href":"https:\/\/fmtinkunaco.ar\/index.php?rest_route=%2Fwp%2Fv2%2Fmedia&parent=2041"}],"wp:term":[{"taxonomy":"category","embeddable":true,"href":"https:\/\/fmtinkunaco.ar\/index.php?rest_route=%2Fwp%2Fv2%2Fcategories&post=2041"},{"taxonomy":"post_tag","embeddable":true,"href":"https:\/\/fmtinkunaco.ar\/index.php?rest_route=%2Fwp%2Fv2%2Ftags&post=2041"}],"curies":[{"name":"wp","href":"https:\/\/api.w.org\/{rel}","templated":true}]}}