{"id":2082,"date":"2020-05-26T11:23:10","date_gmt":"2020-05-26T14:23:10","guid":{"rendered":"http:\/\/fmtinkunaco.com.ar\/?p=2082"},"modified":"2020-05-26T11:23:10","modified_gmt":"2020-05-26T14:23:10","slug":"jose-c-paz-la-orquesta-municipal-no-se-cierra","status":"publish","type":"post","link":"https:\/\/fmtinkunaco.ar\/?p=2082","title":{"rendered":"Jos\u00e9. C. Paz: La Orquesta Municipal no se cierra"},"content":{"rendered":"<p>El pasado viernes 22 de mayo, representantes de la Orquesta Sinf\u00f3nica pace\u00f1o concurrieron a la Municipalidad con el fin de concretar la reuni\u00f3n pautada previamente con las autoridades de la misma para discutir la situaci\u00f3n laboral del cuerpo de m\u00fasicos y m\u00fasicas despedidos durante el comienzo del Aislamiento Social y Obligatorio.<\/p>\n<p>Durante el encuentro las autoridades retrocedieron con el cierre del organismo y se manifestaron por la continuidad de la labor del mismo; se comprometieron a restituir parcialmente nuestro salario a cobrarse a fines de este mes, con alcance de un a\u00f1o, como tambi\u00e9n, se comprometieron a ir reincorporando progresivamente a los despedidos.<\/p>\n<p>En di\u00e1logo con el programa radial \u201cEncuentro con las Noticias\u201d, Clara Parodi, Directora de la Orquesta, remarc\u00f3 el compromiso municipal, <em>\u201cHubo un compromiso por parte de la municipalidad de seguir sosteniendo el espacio de la Orquesta entendiendo la importancia que tiene el Organismo para la comunidad. \u00a0(\u2026) Queda todav\u00eda pendiente seguir trabajando partes de reincorporaciones pero ya fue un reconocimiento muy grande y ya ma\u00f1ana hay una compensaci\u00f3n econ\u00f3mica importante que reconocer\u00eda la actividad del mes de mayo que para el bolsillo de muchos trabajadores es inmenso\u201d<\/em>.<\/p>\n<p>Clara Parodi, adem\u00e1s, explicit\u00f3, <em>\u201cLa reincorporaci\u00f3n fue de algunos compa\u00f1eros y va a haber una ayuda econ\u00f3mica para poder completar lo que falta y se sigue trabajando en la reincorporaci\u00f3n del resto de la Orquesta\u201d<\/em>.<\/p>\n<p>La Orquesta seguir\u00e1 en contacto con las autoridades del municipio con el fin de mejorar su situaci\u00f3n laboral, lo que se traduce en la completa reincorporaci\u00f3n de todo el plantel orquestal. Y se encuentran a la espera del cumplimiento de los compromisos asumidos por las autoridades.<\/p>\n<p>Compartimos la entrevista completa<\/p>\n<p><a href=\"https:\/\/archive.org\/details\/audio-clara-parodi-orquesta-municipal-jcp-26-05-2020\">Descargar<\/a><\/p>\n","protected":false},"excerpt":{"rendered":"<p>El pasado viernes 22 de mayo, representantes de la Orquesta Sinf\u00f3nica pace\u00f1o concurrieron a la Municipalidad con el fin de concretar la reuni\u00f3n pautada previamente con las autoridades de la misma para discutir la situaci\u00f3n laboral del cuerpo de m\u00fasicos y m\u00fasicas despedidos durante el comienzo del Aislamiento Social y Obligatorio. Durante el encuentro las [&hellip;]<\/p>\n","protected":false},"author":1,"featured_media":2083,"comment_status":"open","ping_status":"open","sticky":false,"template":"","format":"standard","meta":{"footnotes":""},"categories":[3,4],"tags":[],"class_list":["post-2082","post","type-post","status-publish","format-standard","has-post-thumbnail","hentry","category-cultura","category-derechos-humanos"],"_links":{"self":[{"href":"https:\/\/fmtinkunaco.ar\/index.php?rest_route=\/wp\/v2\/posts\/2082","targetHints":{"allow":["GET"]}}],"collection":[{"href":"https:\/\/fmtinkunaco.ar\/index.php?rest_route=\/wp\/v2\/posts"}],"about":[{"href":"https:\/\/fmtinkunaco.ar\/index.php?rest_route=\/wp\/v2\/types\/post"}],"author":[{"embeddable":true,"href":"https:\/\/fmtinkunaco.ar\/index.php?rest_route=\/wp\/v2\/users\/1"}],"replies":[{"embeddable":true,"href":"https:\/\/fmtinkunaco.ar\/index.php?rest_route=%2Fwp%2Fv2%2Fcomments&post=2082"}],"version-history":[{"count":0,"href":"https:\/\/fmtinkunaco.ar\/index.php?rest_route=\/wp\/v2\/posts\/2082\/revisions"}],"wp:featuredmedia":[{"embeddable":true,"href":"https:\/\/fmtinkunaco.ar\/index.php?rest_route=\/"}],"wp:attachment":[{"href":"https:\/\/fmtinkunaco.ar\/index.php?rest_route=%2Fwp%2Fv2%2Fmedia&parent=2082"}],"wp:term":[{"taxonomy":"category","embeddable":true,"href":"https:\/\/fmtinkunaco.ar\/index.php?rest_route=%2Fwp%2Fv2%2Fcategories&post=2082"},{"taxonomy":"post_tag","embeddable":true,"href":"https:\/\/fmtinkunaco.ar\/index.php?rest_route=%2Fwp%2Fv2%2Ftags&post=2082"}],"curies":[{"name":"wp","href":"https:\/\/api.w.org\/{rel}","templated":true}]}}