{"id":2085,"date":"2020-05-27T10:29:29","date_gmt":"2020-05-27T13:29:29","guid":{"rendered":"http:\/\/fmtinkunaco.com.ar\/?p=2085"},"modified":"2020-05-27T10:29:29","modified_gmt":"2020-05-27T13:29:29","slug":"jose-c-paz-se-conformo-el-comite-de-crisis","status":"publish","type":"post","link":"https:\/\/fmtinkunaco.ar\/?p=2085","title":{"rendered":"Jos\u00e9. C. Paz: Se conform\u00f3 el Comit\u00e9 de Crisis"},"content":{"rendered":"<p>Finalmente, luego de la reuni\u00f3n que se realiz\u00f3 ayer entre m\u00e1s de 40 organizaciones y movimiento sociales con las autoridades municipales, qued\u00f3 conformado el Comit\u00e9 de Crisis. Exigido hace m\u00e1s de dos meses por las organizaciones.<\/p>\n<p>En di\u00e1logo con el programa radial \u201cEncuentro con las Noticias\u201d, Marcelo Ochoa, integrante de la Asamblea No al cierre de las salitas, se refiri\u00f3 a la conformaci\u00f3n del Comit\u00e9, <em>\u201cLuego de diversos intercambios en cuanto a \u00a0lo que se est\u00e1 realizando en Jos\u00e9. C. Paz en el \u00e1rea de la salud y la seguridad sobre todo, se logr\u00f3 un acuerdo mediante el cual se conforma un Comit\u00e9 de crisis del que participan secretarios del ejecutivo municipal y tres representantes por las organizaciones sociales\u201d<\/em>.<\/p>\n<p>Adem\u00e1s, Ochoa, describi\u00f3 cu\u00e1les son las expectativas de los diferentes espacios sociales,<em> \u201cLa expectativa de ahora en m\u00e1s es poder lograr respuestas integrales, coordinadas de intervenci\u00f3n territorial para hacerle frente en conjunto a todas las necesidades \u00a0que esta emergencia social, sanitaria y alimentaria est\u00e1 demandando\u201d.<\/em><\/p>\n<p>Las principales demandas responden a obtener respuestas municipales a la emergencia alimentaria y sanitaria, <em>\u201cLa expectativa hacia futuro es que en lo inmediato el municipio resuelva la cuesti\u00f3n de los alimentos. Cada organizaci\u00f3n ha recibido solamente 50 kilos de alimentos el pasado 30 de abril y las necesidades crecen en los barrios\u201d<\/em>.<\/p>\n<p>Ma\u00f1ana, jueves 28 de mayo, ser\u00e1 la primera reuni\u00f3n del Comit\u00e9 de Crisis.<\/p>\n<p>Compartimos la entrevista completa<\/p>\n<p><a href=\"https:\/\/archive.org\/details\/audio-marcelo-ochoa-comite-de-crisis\">Descargar<\/a><\/p>\n","protected":false},"excerpt":{"rendered":"<p>Finalmente, luego de la reuni\u00f3n que se realiz\u00f3 ayer entre m\u00e1s de 40 organizaciones y movimiento sociales con las autoridades municipales, qued\u00f3 conformado el Comit\u00e9 de Crisis. Exigido hace m\u00e1s de dos meses por las organizaciones. En di\u00e1logo con el programa radial \u201cEncuentro con las Noticias\u201d, Marcelo Ochoa, integrante de la Asamblea No al cierre [&hellip;]<\/p>\n","protected":false},"author":1,"featured_media":2086,"comment_status":"open","ping_status":"open","sticky":false,"template":"","format":"standard","meta":{"footnotes":""},"categories":[7],"tags":[119,337],"class_list":["post-2085","post","type-post","status-publish","format-standard","has-post-thumbnail","hentry","category-salud","tag-comite-de-crisis","tag-municipio-de-jose-c-paz"],"_links":{"self":[{"href":"https:\/\/fmtinkunaco.ar\/index.php?rest_route=\/wp\/v2\/posts\/2085","targetHints":{"allow":["GET"]}}],"collection":[{"href":"https:\/\/fmtinkunaco.ar\/index.php?rest_route=\/wp\/v2\/posts"}],"about":[{"href":"https:\/\/fmtinkunaco.ar\/index.php?rest_route=\/wp\/v2\/types\/post"}],"author":[{"embeddable":true,"href":"https:\/\/fmtinkunaco.ar\/index.php?rest_route=\/wp\/v2\/users\/1"}],"replies":[{"embeddable":true,"href":"https:\/\/fmtinkunaco.ar\/index.php?rest_route=%2Fwp%2Fv2%2Fcomments&post=2085"}],"version-history":[{"count":0,"href":"https:\/\/fmtinkunaco.ar\/index.php?rest_route=\/wp\/v2\/posts\/2085\/revisions"}],"wp:featuredmedia":[{"embeddable":true,"href":"https:\/\/fmtinkunaco.ar\/index.php?rest_route=\/"}],"wp:attachment":[{"href":"https:\/\/fmtinkunaco.ar\/index.php?rest_route=%2Fwp%2Fv2%2Fmedia&parent=2085"}],"wp:term":[{"taxonomy":"category","embeddable":true,"href":"https:\/\/fmtinkunaco.ar\/index.php?rest_route=%2Fwp%2Fv2%2Fcategories&post=2085"},{"taxonomy":"post_tag","embeddable":true,"href":"https:\/\/fmtinkunaco.ar\/index.php?rest_route=%2Fwp%2Fv2%2Ftags&post=2085"}],"curies":[{"name":"wp","href":"https:\/\/api.w.org\/{rel}","templated":true}]}}